{"id":2676,"date":"2023-07-27T13:06:00","date_gmt":"2023-07-27T13:06:00","guid":{"rendered":"https:\/\/devsey.creatives.ch\/news\/sed-do-eiusmod5\/"},"modified":"2023-11-01T14:28:33","modified_gmt":"2023-11-01T14:28:33","slug":"sed-do-eiusmod5","status":"publish","type":"news","link":"https:\/\/www.yverdon-energies.ch\/pt\/news\/sed-do-eiusmod5\/","title":{"rendered":"Sed do eiusmod5"},"content":{"rendered":"<section class=\"inner_page_banner h_auto\" id=\"\">\n    <div class=\"sey_inner_page_container h-100\">\n        <div class=\"row h-100\">\n            <div class=\"col-xl-8 col-lg-12 h-100\">\n                <div class=\"inner_page_banner_txt\">\n                    <h1>Sed do eiusmod5<\/h1>\n                                        <p>Declara\u00e7\u00e3o de prote\u00e7\u00e3o de dados do servi\u00e7o de energia da cidade de Yverdon-les-Bains<\/p>\n                                    <\/div>\n            <\/div>\n        <\/div>\n    <\/div>\n<\/section>\n\n<section class=\"simple_img_banner\">\n    <img decoding=\"async\" src=\"https:\/\/www.yverdon-energies.ch\/wp-content\/uploads\/2023\/07\/feature_img_1.jpg\" alt=\"\">\n<\/section>\n\n<section class=\"single_column_text\">\n    <div class=\"sey_inner_page_container\">\n        <div class=\"text_block\">\n            <p>Obrigado pelo seu interesse no portal de energia Yverdon-\u00e9nergies (doravante SEY). A prote\u00e7\u00e3o dos seus dados pessoais \u00e9 muito importante para n\u00f3s. Esta declara\u00e7\u00e3o de prote\u00e7\u00e3o de dados explica quais os dados pessoais que processamos quando visita o nosso s\u00edtio Web e utiliza os nossos servi\u00e7os em linha. Esta declara\u00e7\u00e3o de prote\u00e7\u00e3o de dados aplica-se a todas as actividades em linha entre o Servi\u00e7o SEY e os visitantes deste s\u00edtio Web, bem como aos servi\u00e7os acess\u00edveis atrav\u00e9s deste s\u00edtio Web.<\/p>\n        <\/div>  \n    <\/div>\n<\/section>\n\n\n<section class=\"single_column_text\">\n    <div class=\"sey_inner_page_container\">\n        <div class=\"text_block\">\n            <h3>Utiliza\u00e7\u00e3o da informa\u00e7\u00e3o<\/h3>\n<p>Quando visita o nosso s\u00edtio Web, s\u00e3o registados dados de utiliza\u00e7\u00e3o n\u00e3o pessoais, tais como endere\u00e7os IP, o endere\u00e7o do \u00faltimo s\u00edtio Web visitado, o browser utilizado, a data e a hora, etc. Gra\u00e7as \u00e0 sua contribui\u00e7\u00e3o, a SEY pode reconhecer as tend\u00eancias e identificar os comportamentos de utiliza\u00e7\u00e3o do s\u00edtio, a fim de melhorar a qualidade do servi\u00e7o.<\/p>\n<p>Quando se regista em portais em linha, preenche formul\u00e1rios, subscreve boletins informativos, participa em concursos ou comunica os seus dados pessoais de qualquer outra forma no nosso s\u00edtio Web, est\u00e1 a comunicar-nos informa\u00e7\u00f5es sobre si, como o seu nome, endere\u00e7o postal e endere\u00e7o de correio eletr\u00f3nico (&#8220;dados de conte\u00fado&#8221;).<\/p>\n<p>Ao fornecer estas informa\u00e7\u00f5es, o utilizador aceita que os seus dados pessoais sejam armazenados e tratados para os fins indicados no momento da recolha. Em cada p\u00e1gina, informamos o utilizador sobre a forma como as informa\u00e7\u00f5es relevantes recolhidas ser\u00e3o utilizadas. Os seus dados pessoais n\u00e3o ser\u00e3o comunicados a terceiros fora da SEY sem o seu consentimento expl\u00edcito.<\/p>\n<p>O fornecimento e armazenamento dos seus dados pessoais \u00e9 essencial para determinados servi\u00e7os em linha. Esta \u00e9 a \u00fanica forma de o utilizador aceder ao seu EBP ou de a SEY lhe disponibilizar as suas informa\u00e7\u00f5es pessoais.<\/p>\n        <\/div>  \n    <\/div>\n<\/section>\n","protected":false},"excerpt":{"rendered":"<p>Lorem ipsum dolor sit amet consectetur adipiscing elit.<\/p>\n","protected":false},"featured_media":2465,"template":"","profile":[294],"news-cat":[43],"class_list":["post-2676","news","type-news","status-publish","has-post-thumbnail","hentry","profile-poupanca-e-subvencoes","news-cat-electricite"],"acf":[],"yoast_head":"<!-- This site is optimized with the Yoast SEO plugin v27.2 - https:\/\/yoast.com\/product\/yoast-seo-wordpress\/ -->\n<title>Sed do eiusmod5 &#8211; Yverdon \u00c9nergies<\/title>\n<meta name=\"robots\" content=\"index, follow, max-snippet:-1, max-image-preview:large, max-video-preview:-1\" \/>\n<link rel=\"canonical\" href=\"https:\/\/www.yverdon-energies.ch\/pt\/news\/sed-do-eiusmod5\/\" \/>\n<meta property=\"og:locale\" content=\"pt_PT\" \/>\n<meta property=\"og:type\" content=\"article\" \/>\n<meta property=\"og:title\" content=\"Sed do eiusmod5 &#8211; Yverdon \u00c9nergies\" \/>\n<meta property=\"og:description\" content=\"Lorem ipsum dolor sit amet consectetur adipiscing elit.\" \/>\n<meta property=\"og:url\" content=\"https:\/\/www.yverdon-energies.ch\/pt\/news\/sed-do-eiusmod5\/\" \/>\n<meta property=\"og:site_name\" content=\"Yverdon \u00c9nergies\" \/>\n<meta property=\"article:publisher\" content=\"https:\/\/www.facebook.com\/@YverdonEnergies\/\" \/>\n<meta property=\"article:modified_time\" content=\"2023-11-01T14:28:33+00:00\" \/>\n<meta property=\"og:image\" content=\"https:\/\/www.yverdon-energies.ch\/wp-content\/uploads\/2023\/07\/feature_img_1.jpg\" \/>\n\t<meta property=\"og:image:width\" content=\"665\" \/>\n\t<meta property=\"og:image:height\" content=\"420\" \/>\n\t<meta property=\"og:image:type\" content=\"image\/jpeg\" \/>\n<meta name=\"twitter:card\" content=\"summary_large_image\" \/>\n<script type=\"application\/ld+json\" class=\"yoast-schema-graph\">{\"@context\":\"https:\/\/schema.org\",\"@graph\":[{\"@type\":\"WebPage\",\"@id\":\"https:\/\/www.yverdon-energies.ch\/pt\/news\/sed-do-eiusmod5\/\",\"url\":\"https:\/\/www.yverdon-energies.ch\/pt\/news\/sed-do-eiusmod5\/\",\"name\":\"Sed do eiusmod5 &#8211; Yverdon \u00c9nergies\",\"isPartOf\":{\"@id\":\"https:\/\/www.yverdon-energies.ch\/pt\/#website\"},\"primaryImageOfPage\":{\"@id\":\"https:\/\/www.yverdon-energies.ch\/pt\/news\/sed-do-eiusmod5\/#primaryimage\"},\"image\":{\"@id\":\"https:\/\/www.yverdon-energies.ch\/pt\/news\/sed-do-eiusmod5\/#primaryimage\"},\"thumbnailUrl\":\"https:\/\/www.yverdon-energies.ch\/wp-content\/uploads\/2023\/07\/feature_img_1.jpg\",\"datePublished\":\"2023-07-27T13:06:00+00:00\",\"dateModified\":\"2023-11-01T14:28:33+00:00\",\"breadcrumb\":{\"@id\":\"https:\/\/www.yverdon-energies.ch\/pt\/news\/sed-do-eiusmod5\/#breadcrumb\"},\"inLanguage\":\"pt\",\"potentialAction\":[{\"@type\":\"ReadAction\",\"target\":[\"https:\/\/www.yverdon-energies.ch\/pt\/news\/sed-do-eiusmod5\/\"]}]},{\"@type\":\"ImageObject\",\"inLanguage\":\"pt\",\"@id\":\"https:\/\/www.yverdon-energies.ch\/pt\/news\/sed-do-eiusmod5\/#primaryimage\",\"url\":\"https:\/\/www.yverdon-energies.ch\/wp-content\/uploads\/2023\/07\/feature_img_1.jpg\",\"contentUrl\":\"https:\/\/www.yverdon-energies.ch\/wp-content\/uploads\/2023\/07\/feature_img_1.jpg\",\"width\":665,\"height\":420},{\"@type\":\"BreadcrumbList\",\"@id\":\"https:\/\/www.yverdon-energies.ch\/pt\/news\/sed-do-eiusmod5\/#breadcrumb\",\"itemListElement\":[{\"@type\":\"ListItem\",\"position\":1,\"name\":\"Accueil\",\"item\":\"https:\/\/www.yverdon-energies.ch\/pt\/\"},{\"@type\":\"ListItem\",\"position\":2,\"name\":\"News\",\"item\":\"https:\/\/www.yverdon-energies.ch\/pt\/news\/\"},{\"@type\":\"ListItem\",\"position\":3,\"name\":\"Sed do eiusmod5\"}]},{\"@type\":\"WebSite\",\"@id\":\"https:\/\/www.yverdon-energies.ch\/pt\/#website\",\"url\":\"https:\/\/www.yverdon-energies.ch\/pt\/\",\"name\":\"Yverdon \u00c9nergies\",\"description\":\"\",\"publisher\":{\"@id\":\"https:\/\/www.yverdon-energies.ch\/pt\/#organization\"},\"potentialAction\":[{\"@type\":\"SearchAction\",\"target\":{\"@type\":\"EntryPoint\",\"urlTemplate\":\"https:\/\/www.yverdon-energies.ch\/pt\/?s={search_term_string}\"},\"query-input\":{\"@type\":\"PropertyValueSpecification\",\"valueRequired\":true,\"valueName\":\"search_term_string\"}}],\"inLanguage\":\"pt\"},{\"@type\":\"Organization\",\"@id\":\"https:\/\/www.yverdon-energies.ch\/pt\/#organization\",\"name\":\"Yverdon \u00c9nergies\",\"url\":\"https:\/\/www.yverdon-energies.ch\/pt\/\",\"logo\":{\"@type\":\"ImageObject\",\"inLanguage\":\"pt\",\"@id\":\"https:\/\/www.yverdon-energies.ch\/pt\/#\/schema\/logo\/image\/\",\"url\":\"https:\/\/www.yverdon-energies.ch\/wp-content\/uploads\/2023\/07\/logo_new.svg\",\"contentUrl\":\"https:\/\/www.yverdon-energies.ch\/wp-content\/uploads\/2023\/07\/logo_new.svg\",\"width\":127,\"height\":56,\"caption\":\"Yverdon \u00c9nergies\"},\"image\":{\"@id\":\"https:\/\/www.yverdon-energies.ch\/pt\/#\/schema\/logo\/image\/\"},\"sameAs\":[\"https:\/\/www.facebook.com\/@YverdonEnergies\/\"]}]}<\/script>\n<!-- \/ Yoast SEO plugin. -->","yoast_head_json":{"title":"Sed do eiusmod5 &#8211; Yverdon \u00c9nergies","robots":{"index":"index","follow":"follow","max-snippet":"max-snippet:-1","max-image-preview":"max-image-preview:large","max-video-preview":"max-video-preview:-1"},"canonical":"https:\/\/www.yverdon-energies.ch\/pt\/news\/sed-do-eiusmod5\/","og_locale":"pt_PT","og_type":"article","og_title":"Sed do eiusmod5 &#8211; Yverdon \u00c9nergies","og_description":"Lorem ipsum dolor sit amet consectetur adipiscing elit.","og_url":"https:\/\/www.yverdon-energies.ch\/pt\/news\/sed-do-eiusmod5\/","og_site_name":"Yverdon \u00c9nergies","article_publisher":"https:\/\/www.facebook.com\/@YverdonEnergies\/","article_modified_time":"2023-11-01T14:28:33+00:00","og_image":[{"width":665,"height":420,"url":"https:\/\/www.yverdon-energies.ch\/wp-content\/uploads\/2023\/07\/feature_img_1.jpg","type":"image\/jpeg"}],"twitter_card":"summary_large_image","schema":{"@context":"https:\/\/schema.org","@graph":[{"@type":"WebPage","@id":"https:\/\/www.yverdon-energies.ch\/pt\/news\/sed-do-eiusmod5\/","url":"https:\/\/www.yverdon-energies.ch\/pt\/news\/sed-do-eiusmod5\/","name":"Sed do eiusmod5 &#8211; Yverdon \u00c9nergies","isPartOf":{"@id":"https:\/\/www.yverdon-energies.ch\/pt\/#website"},"primaryImageOfPage":{"@id":"https:\/\/www.yverdon-energies.ch\/pt\/news\/sed-do-eiusmod5\/#primaryimage"},"image":{"@id":"https:\/\/www.yverdon-energies.ch\/pt\/news\/sed-do-eiusmod5\/#primaryimage"},"thumbnailUrl":"https:\/\/www.yverdon-energies.ch\/wp-content\/uploads\/2023\/07\/feature_img_1.jpg","datePublished":"2023-07-27T13:06:00+00:00","dateModified":"2023-11-01T14:28:33+00:00","breadcrumb":{"@id":"https:\/\/www.yverdon-energies.ch\/pt\/news\/sed-do-eiusmod5\/#breadcrumb"},"inLanguage":"pt","potentialAction":[{"@type":"ReadAction","target":["https:\/\/www.yverdon-energies.ch\/pt\/news\/sed-do-eiusmod5\/"]}]},{"@type":"ImageObject","inLanguage":"pt","@id":"https:\/\/www.yverdon-energies.ch\/pt\/news\/sed-do-eiusmod5\/#primaryimage","url":"https:\/\/www.yverdon-energies.ch\/wp-content\/uploads\/2023\/07\/feature_img_1.jpg","contentUrl":"https:\/\/www.yverdon-energies.ch\/wp-content\/uploads\/2023\/07\/feature_img_1.jpg","width":665,"height":420},{"@type":"BreadcrumbList","@id":"https:\/\/www.yverdon-energies.ch\/pt\/news\/sed-do-eiusmod5\/#breadcrumb","itemListElement":[{"@type":"ListItem","position":1,"name":"Accueil","item":"https:\/\/www.yverdon-energies.ch\/pt\/"},{"@type":"ListItem","position":2,"name":"News","item":"https:\/\/www.yverdon-energies.ch\/pt\/news\/"},{"@type":"ListItem","position":3,"name":"Sed do eiusmod5"}]},{"@type":"WebSite","@id":"https:\/\/www.yverdon-energies.ch\/pt\/#website","url":"https:\/\/www.yverdon-energies.ch\/pt\/","name":"Yverdon \u00c9nergies","description":"","publisher":{"@id":"https:\/\/www.yverdon-energies.ch\/pt\/#organization"},"potentialAction":[{"@type":"SearchAction","target":{"@type":"EntryPoint","urlTemplate":"https:\/\/www.yverdon-energies.ch\/pt\/?s={search_term_string}"},"query-input":{"@type":"PropertyValueSpecification","valueRequired":true,"valueName":"search_term_string"}}],"inLanguage":"pt"},{"@type":"Organization","@id":"https:\/\/www.yverdon-energies.ch\/pt\/#organization","name":"Yverdon \u00c9nergies","url":"https:\/\/www.yverdon-energies.ch\/pt\/","logo":{"@type":"ImageObject","inLanguage":"pt","@id":"https:\/\/www.yverdon-energies.ch\/pt\/#\/schema\/logo\/image\/","url":"https:\/\/www.yverdon-energies.ch\/wp-content\/uploads\/2023\/07\/logo_new.svg","contentUrl":"https:\/\/www.yverdon-energies.ch\/wp-content\/uploads\/2023\/07\/logo_new.svg","width":127,"height":56,"caption":"Yverdon \u00c9nergies"},"image":{"@id":"https:\/\/www.yverdon-energies.ch\/pt\/#\/schema\/logo\/image\/"},"sameAs":["https:\/\/www.facebook.com\/@YverdonEnergies\/"]}]}},"_links":{"self":[{"href":"https:\/\/www.yverdon-energies.ch\/pt\/wp-json\/wp\/v2\/news\/2676","targetHints":{"allow":["GET"]}}],"collection":[{"href":"https:\/\/www.yverdon-energies.ch\/pt\/wp-json\/wp\/v2\/news"}],"about":[{"href":"https:\/\/www.yverdon-energies.ch\/pt\/wp-json\/wp\/v2\/types\/news"}],"version-history":[{"count":3,"href":"https:\/\/www.yverdon-energies.ch\/pt\/wp-json\/wp\/v2\/news\/2676\/revisions"}],"predecessor-version":[{"id":3479,"href":"https:\/\/www.yverdon-energies.ch\/pt\/wp-json\/wp\/v2\/news\/2676\/revisions\/3479"}],"wp:featuredmedia":[{"embeddable":true,"href":"https:\/\/www.yverdon-energies.ch\/pt\/wp-json\/wp\/v2\/media\/2465"}],"wp:attachment":[{"href":"https:\/\/www.yverdon-energies.ch\/pt\/wp-json\/wp\/v2\/media?parent=2676"}],"wp:term":[{"taxonomy":"profile","embeddable":true,"href":"https:\/\/www.yverdon-energies.ch\/pt\/wp-json\/wp\/v2\/profile?post=2676"},{"taxonomy":"news-cat","embeddable":true,"href":"https:\/\/www.yverdon-energies.ch\/pt\/wp-json\/wp\/v2\/news-cat?post=2676"}],"curies":[{"name":"wp","href":"https:\/\/api.w.org\/{rel}","templated":true}]}}