{"id":15960,"date":"2026-09-01T14:26:47","date_gmt":"2026-09-01T12:26:47","guid":{"rendered":"https:\/\/www.yverdon-energies.ch\/?post_type=news&#038;p=15960"},"modified":"2026-09-01T14:42:46","modified_gmt":"2026-09-01T12:42:46","slug":"fuite-deau-dans-le-secteur-de-floreyres","status":"publish","type":"news","link":"https:\/\/www.yverdon-energies.ch\/pt\/news\/fuite-deau-dans-le-secteur-de-floreyres\/","title":{"rendered":"Fuite d&#8217;eau dans le secteur de Floreyres"},"content":{"rendered":"<section class=\"simple_img_banner\">\n    <img decoding=\"async\" src=\"https:\/\/www.yverdon-energies.ch\/wp-content\/uploads\/2026\/09\/YLBE_2026_RS_Institutionnel_Fuite-eau-Avenue-des-Bains-2-FB-e1788265552115.jpg\" alt=\"\">\n<\/section>\n\n<section class=\"inner_page_banner h_auto\" id=\"\">\n    <div class=\"sey_inner_page_container h-100\">\n        <div class=\"row h-100\">\n            <div class=\"col-xl-8 col-lg-12 h-100\">\n                <div class=\"inner_page_banner_txt\">\n                    <h1>Fuite d\u2019eau dans le secteur de Floreyres<\/h1>\n                                    <\/div>\n            <\/div>\n        <\/div>\n    <\/div>\n<\/section>\n\n<section class=\"single_column_text\">\n    <div class=\"sey_inner_page_container\">\n        <div class=\"text_block\">\n            <p>Nous vous informons qu\u2019une importante fuite d\u2019eau est survenue au cours de la semaine derni\u00e8re sur une conduite principale dans le secteur de <strong>Floreyres<\/strong>. L\u2019incident a rapidement \u00e9t\u00e9 ma\u00eetris\u00e9 par les services comp\u00e9tents.<\/p>\n<p>Cette situation intervient apr\u00e8s un \u00e9t\u00e9 marqu\u00e9 par des temp\u00e9ratures particuli\u00e8rement \u00e9lev\u00e9es et un d\u00e9ficit de pr\u00e9cipitations. Ces conditions m\u00e9t\u00e9orologiques ont entra\u00een\u00e9 un ass\u00e8chement des sols, susceptible de provoquer des mouvements et de solliciter davantage les r\u00e9seaux.<\/p>\n<p>Les travaux de remise en \u00e9tat sont actuellement en cours et peuvent occasionner des perturbations temporaires dans le secteur concern\u00e9 :<\/p>\n<ul>\n<li><strong>Stationnement <\/strong>: des solutions temporaires ont \u00e9t\u00e9 mises en place par le Service de la s\u00e9curit\u00e9 publique pour les riverains impact\u00e9s. Les autorisations de parcage pour la dur\u00e9e des travaux sont d\u00e9livr\u00e9es par l\u2019<strong>Office du stationnement\u00a0:<\/strong> <a href=\"mailto:stationnement@yverdon-les-bains.ch\">stationnement@yverdon-les-bains.ch<\/a> ou <a href=\"tel:+41244236659\">024 423 66 59<\/a><\/li>\n<li><strong>Transports publics<\/strong> : La ligne de bus 603 est actuellement d\u00e9vi\u00e9e. Pour plus d\u2019informations concernant les adaptations de parcours et d\u2019horaires, nous vous invitons \u00e0 consulter le site Internet de <strong>TRAVYS<\/strong>\u00a0: <a href=\"https:\/\/www.travys.ch\/voyageurs\/info-trafic\/\">Info trafic &#8211; Travys<\/a><\/li>\n<\/ul>\n<p>Les services concern\u00e9s mettent tout en \u0153uvre pour assurer un retour \u00e0 la normale dans les meilleurs d\u00e9lais et limiter autant que possible les d\u00e9sagr\u00e9ments occasionn\u00e9s.\u00a0 Il n\u2019est pas encore possible de pr\u00e9ciser la dur\u00e9e des travaux.<\/p>\n<p>Nous vous remercions de faire preuve de patience et de prudence aux abords de la zone d\u2019intervention et de respecter la signalisation mise en place.<\/p>\n<p>Nous vous prions de bien vouloir nous excuser pour les d\u00e9sagr\u00e9ments occasionn\u00e9s et vous remercions par avance de votre compr\u00e9hension.<\/p>\n        <\/div>  \n    <\/div>\n<\/section>\n","protected":false},"excerpt":{"rendered":"<p>Nous vous informons qu\u2019une importante fuite d\u2019eau est survenue au cours de la semaine derni\u00e8re sur une conduite principale dans le secteur de Floreyres. <\/p>\n","protected":false},"featured_media":15976,"template":"","profile":[34,38,16,22,29,15,14,13],"news-cat":[42,345],"class_list":["post-15960","news","type-news","status-publish","has-post-thumbnail","hentry","profile-assistance-demarches-regie","profile-assistance-demarches-proprietaire","profile-locataire","profile-assistance-demarches","profile-assistance-demarches-entreprise","profile-proprietaire","profile-regie","profile-entreprise","news-cat-eau","news-cat-travaux-en-cours"],"acf":[],"yoast_head":"<!-- This site is optimized with the Yoast SEO plugin v28.2 - https:\/\/yoast.com\/product\/yoast-seo-wordpress\/ -->\n<title>Fuite d&#039;eau dans le secteur de Floreyres &#8211; Yverdon \u00c9nergies<\/title>\n<meta name=\"robots\" content=\"index, follow, max-snippet:-1, max-image-preview:large, max-video-preview:-1\" \/>\n<link rel=\"canonical\" href=\"https:\/\/www.yverdon-energies.ch\/pt\/news\/fuite-deau-dans-le-secteur-de-floreyres\/\" \/>\n<meta property=\"og:locale\" content=\"pt_PT\" \/>\n<meta property=\"og:type\" content=\"article\" \/>\n<meta property=\"og:title\" content=\"Fuite d&#039;eau dans le secteur de Floreyres &#8211; Yverdon \u00c9nergies\" \/>\n<meta property=\"og:description\" content=\"Nous vous informons qu\u2019une importante fuite d\u2019eau est survenue au cours de la semaine derni\u00e8re sur une conduite principale dans le secteur de Floreyres.\" \/>\n<meta property=\"og:url\" content=\"https:\/\/www.yverdon-energies.ch\/pt\/news\/fuite-deau-dans-le-secteur-de-floreyres\/\" \/>\n<meta property=\"og:site_name\" content=\"Yverdon \u00c9nergies\" \/>\n<meta property=\"article:publisher\" content=\"https:\/\/www.facebook.com\/@YverdonEnergies\/\" \/>\n<meta property=\"article:modified_time\" content=\"2026-09-01T12:42:46+00:00\" \/>\n<meta property=\"og:image\" content=\"https:\/\/www.yverdon-energies.ch\/wp-content\/uploads\/2026\/09\/YLBE_2026_RS_Institutionnel_Fuite-eau-Avenue-des-Bains-2-FB-e1788265552115.jpg\" \/>\n\t<meta property=\"og:image:width\" content=\"1080\" \/>\n\t<meta property=\"og:image:height\" content=\"763\" \/>\n\t<meta property=\"og:image:type\" content=\"image\/jpeg\" \/>\n<meta name=\"twitter:card\" content=\"summary_large_image\" \/>\n<meta name=\"twitter:label1\" content=\"Est. reading time\" \/>\n\t<meta name=\"twitter:data1\" content=\"1 minute\" \/>\n<script type=\"application\/ld+json\" class=\"yoast-schema-graph\">{\"@context\":\"https:\\\/\\\/schema.org\",\"@graph\":[{\"@type\":\"WebPage\",\"@id\":\"https:\\\/\\\/www.yverdon-energies.ch\\\/pt\\\/news\\\/fuite-deau-dans-le-secteur-de-floreyres\\\/\",\"url\":\"https:\\\/\\\/www.yverdon-energies.ch\\\/pt\\\/news\\\/fuite-deau-dans-le-secteur-de-floreyres\\\/\",\"name\":\"Fuite d'eau dans le secteur de Floreyres &#8211; Yverdon \u00c9nergies\",\"isPartOf\":{\"@id\":\"https:\\\/\\\/www.yverdon-energies.ch\\\/pt\\\/#website\"},\"primaryImageOfPage\":{\"@id\":\"https:\\\/\\\/www.yverdon-energies.ch\\\/pt\\\/news\\\/fuite-deau-dans-le-secteur-de-floreyres\\\/#primaryimage\"},\"image\":{\"@id\":\"https:\\\/\\\/www.yverdon-energies.ch\\\/pt\\\/news\\\/fuite-deau-dans-le-secteur-de-floreyres\\\/#primaryimage\"},\"thumbnailUrl\":\"https:\\\/\\\/www.yverdon-energies.ch\\\/wp-content\\\/uploads\\\/2026\\\/09\\\/YLBE_2026_RS_Institutionnel_Fuite-eau-Avenue-des-Bains-2-FB-e1788265552115.jpg\",\"datePublished\":\"2026-09-01T12:26:47+00:00\",\"dateModified\":\"2026-09-01T12:42:46+00:00\",\"breadcrumb\":{\"@id\":\"https:\\\/\\\/www.yverdon-energies.ch\\\/pt\\\/news\\\/fuite-deau-dans-le-secteur-de-floreyres\\\/#breadcrumb\"},\"inLanguage\":\"pt\",\"potentialAction\":[{\"@type\":\"ReadAction\",\"target\":[\"https:\\\/\\\/www.yverdon-energies.ch\\\/pt\\\/news\\\/fuite-deau-dans-le-secteur-de-floreyres\\\/\"]}]},{\"@type\":\"ImageObject\",\"inLanguage\":\"pt\",\"@id\":\"https:\\\/\\\/www.yverdon-energies.ch\\\/pt\\\/news\\\/fuite-deau-dans-le-secteur-de-floreyres\\\/#primaryimage\",\"url\":\"https:\\\/\\\/www.yverdon-energies.ch\\\/wp-content\\\/uploads\\\/2026\\\/09\\\/YLBE_2026_RS_Institutionnel_Fuite-eau-Avenue-des-Bains-2-FB-e1788265552115.jpg\",\"contentUrl\":\"https:\\\/\\\/www.yverdon-energies.ch\\\/wp-content\\\/uploads\\\/2026\\\/09\\\/YLBE_2026_RS_Institutionnel_Fuite-eau-Avenue-des-Bains-2-FB-e1788265552115.jpg\",\"width\":1080,\"height\":763},{\"@type\":\"BreadcrumbList\",\"@id\":\"https:\\\/\\\/www.yverdon-energies.ch\\\/pt\\\/news\\\/fuite-deau-dans-le-secteur-de-floreyres\\\/#breadcrumb\",\"itemListElement\":[{\"@type\":\"ListItem\",\"position\":1,\"name\":\"Accueil\",\"item\":\"https:\\\/\\\/www.yverdon-energies.ch\\\/pt\\\/\"},{\"@type\":\"ListItem\",\"position\":2,\"name\":\"News\",\"item\":\"https:\\\/\\\/www.yverdon-energies.ch\\\/pt\\\/news\\\/\"},{\"@type\":\"ListItem\",\"position\":3,\"name\":\"Fuite d&rsquo;eau dans le secteur de Floreyres\"}]},{\"@type\":\"WebSite\",\"@id\":\"https:\\\/\\\/www.yverdon-energies.ch\\\/pt\\\/#website\",\"url\":\"https:\\\/\\\/www.yverdon-energies.ch\\\/pt\\\/\",\"name\":\"Yverdon \u00c9nergies\",\"description\":\"\",\"publisher\":{\"@id\":\"https:\\\/\\\/www.yverdon-energies.ch\\\/pt\\\/#organization\"},\"potentialAction\":[{\"@type\":\"SearchAction\",\"target\":{\"@type\":\"EntryPoint\",\"urlTemplate\":\"https:\\\/\\\/www.yverdon-energies.ch\\\/pt\\\/?s={search_term_string}\"},\"query-input\":{\"@type\":\"PropertyValueSpecification\",\"valueRequired\":true,\"valueName\":\"search_term_string\"}}],\"inLanguage\":\"pt\"},{\"@type\":\"Organization\",\"@id\":\"https:\\\/\\\/www.yverdon-energies.ch\\\/pt\\\/#organization\",\"name\":\"Yverdon \u00c9nergies\",\"url\":\"https:\\\/\\\/www.yverdon-energies.ch\\\/pt\\\/\",\"logo\":{\"@type\":\"ImageObject\",\"inLanguage\":\"pt\",\"@id\":\"https:\\\/\\\/www.yverdon-energies.ch\\\/pt\\\/#\\\/schema\\\/logo\\\/image\\\/\",\"url\":\"https:\\\/\\\/www.yverdon-energies.ch\\\/wp-content\\\/uploads\\\/2023\\\/07\\\/logo_new.svg\",\"contentUrl\":\"https:\\\/\\\/www.yverdon-energies.ch\\\/wp-content\\\/uploads\\\/2023\\\/07\\\/logo_new.svg\",\"width\":127,\"height\":56,\"caption\":\"Yverdon \u00c9nergies\"},\"image\":{\"@id\":\"https:\\\/\\\/www.yverdon-energies.ch\\\/pt\\\/#\\\/schema\\\/logo\\\/image\\\/\"},\"sameAs\":[\"https:\\\/\\\/www.facebook.com\\\/@YverdonEnergies\\\/\"]}]}<\/script>\n<!-- \/ Yoast SEO plugin. -->","yoast_head_json":{"title":"Fuite d'eau dans le secteur de Floreyres &#8211; Yverdon \u00c9nergies","robots":{"index":"index","follow":"follow","max-snippet":"max-snippet:-1","max-image-preview":"max-image-preview:large","max-video-preview":"max-video-preview:-1"},"canonical":"https:\/\/www.yverdon-energies.ch\/pt\/news\/fuite-deau-dans-le-secteur-de-floreyres\/","og_locale":"pt_PT","og_type":"article","og_title":"Fuite d'eau dans le secteur de Floreyres &#8211; Yverdon \u00c9nergies","og_description":"Nous vous informons qu\u2019une importante fuite d\u2019eau est survenue au cours de la semaine derni\u00e8re sur une conduite principale dans le secteur de Floreyres.","og_url":"https:\/\/www.yverdon-energies.ch\/pt\/news\/fuite-deau-dans-le-secteur-de-floreyres\/","og_site_name":"Yverdon \u00c9nergies","article_publisher":"https:\/\/www.facebook.com\/@YverdonEnergies\/","article_modified_time":"2026-09-01T12:42:46+00:00","og_image":[{"width":1080,"height":763,"url":"https:\/\/www.yverdon-energies.ch\/wp-content\/uploads\/2026\/09\/YLBE_2026_RS_Institutionnel_Fuite-eau-Avenue-des-Bains-2-FB-e1788265552115.jpg","type":"image\/jpeg"}],"twitter_card":"summary_large_image","twitter_misc":{"Est. reading time":"1 minute"},"schema":{"@context":"https:\/\/schema.org","@graph":[{"@type":"WebPage","@id":"https:\/\/www.yverdon-energies.ch\/pt\/news\/fuite-deau-dans-le-secteur-de-floreyres\/","url":"https:\/\/www.yverdon-energies.ch\/pt\/news\/fuite-deau-dans-le-secteur-de-floreyres\/","name":"Fuite d'eau dans le secteur de Floreyres &#8211; Yverdon \u00c9nergies","isPartOf":{"@id":"https:\/\/www.yverdon-energies.ch\/pt\/#website"},"primaryImageOfPage":{"@id":"https:\/\/www.yverdon-energies.ch\/pt\/news\/fuite-deau-dans-le-secteur-de-floreyres\/#primaryimage"},"image":{"@id":"https:\/\/www.yverdon-energies.ch\/pt\/news\/fuite-deau-dans-le-secteur-de-floreyres\/#primaryimage"},"thumbnailUrl":"https:\/\/www.yverdon-energies.ch\/wp-content\/uploads\/2026\/09\/YLBE_2026_RS_Institutionnel_Fuite-eau-Avenue-des-Bains-2-FB-e1788265552115.jpg","datePublished":"2026-09-01T12:26:47+00:00","dateModified":"2026-09-01T12:42:46+00:00","breadcrumb":{"@id":"https:\/\/www.yverdon-energies.ch\/pt\/news\/fuite-deau-dans-le-secteur-de-floreyres\/#breadcrumb"},"inLanguage":"pt","potentialAction":[{"@type":"ReadAction","target":["https:\/\/www.yverdon-energies.ch\/pt\/news\/fuite-deau-dans-le-secteur-de-floreyres\/"]}]},{"@type":"ImageObject","inLanguage":"pt","@id":"https:\/\/www.yverdon-energies.ch\/pt\/news\/fuite-deau-dans-le-secteur-de-floreyres\/#primaryimage","url":"https:\/\/www.yverdon-energies.ch\/wp-content\/uploads\/2026\/09\/YLBE_2026_RS_Institutionnel_Fuite-eau-Avenue-des-Bains-2-FB-e1788265552115.jpg","contentUrl":"https:\/\/www.yverdon-energies.ch\/wp-content\/uploads\/2026\/09\/YLBE_2026_RS_Institutionnel_Fuite-eau-Avenue-des-Bains-2-FB-e1788265552115.jpg","width":1080,"height":763},{"@type":"BreadcrumbList","@id":"https:\/\/www.yverdon-energies.ch\/pt\/news\/fuite-deau-dans-le-secteur-de-floreyres\/#breadcrumb","itemListElement":[{"@type":"ListItem","position":1,"name":"Accueil","item":"https:\/\/www.yverdon-energies.ch\/pt\/"},{"@type":"ListItem","position":2,"name":"News","item":"https:\/\/www.yverdon-energies.ch\/pt\/news\/"},{"@type":"ListItem","position":3,"name":"Fuite d&rsquo;eau dans le secteur de Floreyres"}]},{"@type":"WebSite","@id":"https:\/\/www.yverdon-energies.ch\/pt\/#website","url":"https:\/\/www.yverdon-energies.ch\/pt\/","name":"Yverdon \u00c9nergies","description":"","publisher":{"@id":"https:\/\/www.yverdon-energies.ch\/pt\/#organization"},"potentialAction":[{"@type":"SearchAction","target":{"@type":"EntryPoint","urlTemplate":"https:\/\/www.yverdon-energies.ch\/pt\/?s={search_term_string}"},"query-input":{"@type":"PropertyValueSpecification","valueRequired":true,"valueName":"search_term_string"}}],"inLanguage":"pt"},{"@type":"Organization","@id":"https:\/\/www.yverdon-energies.ch\/pt\/#organization","name":"Yverdon \u00c9nergies","url":"https:\/\/www.yverdon-energies.ch\/pt\/","logo":{"@type":"ImageObject","inLanguage":"pt","@id":"https:\/\/www.yverdon-energies.ch\/pt\/#\/schema\/logo\/image\/","url":"https:\/\/www.yverdon-energies.ch\/wp-content\/uploads\/2023\/07\/logo_new.svg","contentUrl":"https:\/\/www.yverdon-energies.ch\/wp-content\/uploads\/2023\/07\/logo_new.svg","width":127,"height":56,"caption":"Yverdon \u00c9nergies"},"image":{"@id":"https:\/\/www.yverdon-energies.ch\/pt\/#\/schema\/logo\/image\/"},"sameAs":["https:\/\/www.facebook.com\/@YverdonEnergies\/"]}]}},"_links":{"self":[{"href":"https:\/\/www.yverdon-energies.ch\/pt\/wp-json\/wp\/v2\/news\/15960","targetHints":{"allow":["GET"]}}],"collection":[{"href":"https:\/\/www.yverdon-energies.ch\/pt\/wp-json\/wp\/v2\/news"}],"about":[{"href":"https:\/\/www.yverdon-energies.ch\/pt\/wp-json\/wp\/v2\/types\/news"}],"version-history":[{"count":11,"href":"https:\/\/www.yverdon-energies.ch\/pt\/wp-json\/wp\/v2\/news\/15960\/revisions"}],"predecessor-version":[{"id":15981,"href":"https:\/\/www.yverdon-energies.ch\/pt\/wp-json\/wp\/v2\/news\/15960\/revisions\/15981"}],"wp:featuredmedia":[{"embeddable":true,"href":"https:\/\/www.yverdon-energies.ch\/pt\/wp-json\/wp\/v2\/media\/15976"}],"wp:attachment":[{"href":"https:\/\/www.yverdon-energies.ch\/pt\/wp-json\/wp\/v2\/media?parent=15960"}],"wp:term":[{"taxonomy":"profile","embeddable":true,"href":"https:\/\/www.yverdon-energies.ch\/pt\/wp-json\/wp\/v2\/profile?post=15960"},{"taxonomy":"news-cat","embeddable":true,"href":"https:\/\/www.yverdon-energies.ch\/pt\/wp-json\/wp\/v2\/news-cat?post=15960"}],"curies":[{"name":"wp","href":"https:\/\/api.w.org\/{rel}","templated":true}]}}