{"id":15313,"date":"2026-04-23T10:53:26","date_gmt":"2026-04-23T08:53:26","guid":{"rendered":"https:\/\/www.yverdon-energies.ch\/?post_type=news&#038;p=15313"},"modified":"2026-05-01T10:54:14","modified_gmt":"2026-05-01T08:54:14","slug":"travaux-au-chemin-de-la-colline","status":"publish","type":"news","link":"https:\/\/www.yverdon-energies.ch\/pt\/news\/travaux-au-chemin-de-la-colline\/","title":{"rendered":"Travaux au chemin de la Colline"},"content":{"rendered":"<section class=\"inner_page_banner h_auto\" id=\"\">\n    <div class=\"sey_inner_page_container h-100\">\n        <div class=\"row h-100\">\n            <div class=\"col-xl-8 col-lg-12 h-100\">\n                <div class=\"inner_page_banner_txt\">\n                    <h1>Travaux au chemin de la Colline<\/h1>\n                                    <\/div>\n            <\/div>\n        <\/div>\n    <\/div>\n<\/section>\n\n<section class=\"simple_img_banner\">\n    <img decoding=\"async\" src=\"https:\/\/www.yverdon-energies.ch\/wp-content\/uploads\/2026\/05\/travaux-collines-yverdon-energies.jpg\" alt=\"\">\n<\/section>\n\n<section class=\"single_column_text\">\n    <div class=\"sey_inner_page_container\">\n        <div class=\"text_block\">\n            <p>Pour assurer la qualit\u00e9 de ses r\u00e9seaux, Yverdon-les-Bains \u00c9nergies r\u00e9alisera prochainement des travaux de renouvellement des r\u00e9seaux d\u2019eau et d\u2019\u00e9lectricit\u00e9 au chemin de la Colline.<\/p>\n<p><strong>Les travaux se d\u00e9rouleront du 4 mai \u00e0 d\u00e9cembre 2026, sous r\u00e9serve d\u2019\u00e9ventuels impr\u00e9vus.<\/strong><\/p>\n<p><strong>Organisation et implications du chantier\u00a0:<\/strong><\/p>\n<ul>\n<li>Les travaux de g\u00e9nie civil seront effectu\u00e9s en plusieurs \u00e9tapes, selon les plans annex\u00e9s, du lundi au vendredi, entre 07h00 et 17h00.<\/li>\n<li>L\u2019usage des places de parc sur le domaine public sera limit\u00e9 au fur et \u00e0 mesure de l\u2019avancement des travaux.<\/li>\n<li>Les acc\u00e8s aux garages et aux habitations seront garantis, mais pourraient \u00eatre momentan\u00e9ment perturb\u00e9s en fonction des travaux.<\/li>\n<li>La gestion du trafic sera adapt\u00e9e durant les travaux. Merci de vous conformer \u00e0 la signalisation en vigueur.<\/li>\n<li>Durant les travaux, des points de collecte STRID seront install\u00e9s. Merci d\u2019y d\u00e9poser vos d\u00e9chets m\u00e9nagers<\/li>\n<\/ul>\n<p>Pour toute question sur le d\u00e9roulement des travaux, vous pouvez prendre contact avec Yverdon-les-Bains \u00c9nergies, par t\u00e9l\u00e9phone au 024 423 65 55 ou par e-mail \u00e0 <a href=\"mailto:se@yverdon-les-bains.ch\">se@yverdon-les-bains.ch<\/a>.<\/p>\n<p>Yverdon-les-Bains \u00c9nergies remercie chaleureusement les riverains et la population pour leur patience et leur compr\u00e9hension face aux perturbations occasionn\u00e9es.<\/p>\n        <\/div>  \n    <\/div>\n<\/section>\n\n\n\n<section class=\"cta_block quick_access_cta_block\" id=\"\">\n    <div class=\"sey_inner_page_container\">\n    <div class=\"title\">\n                    <span><\/span>\n                <\/div>\n        <div class=\"cta_col_wrapper\">\n            <div class=\"cta_row\">\n                                <div class=\"cta_col\">\n                    <div class=\"cta_card\">\n                        <div class=\"cta_item_wrapper\">\n                            <div class=\"cta_item\">\n                                <a href=\"https:\/\/www.yverdon-energies.ch\/wp-content\/uploads\/2026\/05\/260427-Communique-Colline.pdf\" target=\"_blank\"><\/a>\n                                <div class=\"inner_row\">\n                                    <div class=\"cta_text\">\n                                        <span>Plus d&#039;informations et plans de phasage<\/span>\n                                    <\/div>\n                                    <div class=\"cta_btn\">\n                                        <span><svg width=\"16\" height=\"16\" viewBox=\"0 0 16 16\" fill=\"none\" xmlns=\"http:\/\/www.w3.org\/2000\/svg\">\n                                                <path d=\"M1.0101 6.9899C0.452237 6.9899 0 7.44214 0 8C0 8.55786 0.452238 9.0101 1.0101 9.0101H12.1212L7.28283 13.8485C6.88675 14.2446 6.88675 14.8867 7.28283 15.2828C7.67891 15.6789 8.32109 15.6789 8.71717 15.2828L15.2929 8.70711C15.6834 8.31658 15.6834 7.68342 15.2929 7.29289L8.71717 0.717171C8.32109 0.321088 7.67891 0.321089 7.28283 0.717172C6.88674 1.11325 6.88675 1.75543 7.28283 2.15152L12.1212 6.9899H1.0101Z\"><\/path>\n                                            <\/svg><\/span>\n                                    <\/div>\n                                <\/div>\n                            <\/div>\n                        <\/div>\n                    <\/div>\n                <\/div>\n                                          <\/div>\n        <\/div>\n    <\/div>\n<\/section>\n","protected":false},"excerpt":{"rendered":"<p>Les travaux se d\u00e9rouleront du 4 mai \u00e0 d\u00e9cembre 2026, sous r\u00e9serve d\u2019\u00e9ventuels impr\u00e9vus.<\/p>\n","protected":false},"featured_media":15317,"template":"","profile":[16,15,14,13],"news-cat":[45,345],"class_list":["post-15313","news","type-news","status-publish","has-post-thumbnail","hentry","profile-locataire","profile-proprietaire","profile-regie","profile-entreprise","news-cat-actualites-generales","news-cat-travaux-en-cours"],"acf":[],"yoast_head":"<!-- This site is optimized with the Yoast SEO plugin v27.2 - https:\/\/yoast.com\/product\/yoast-seo-wordpress\/ -->\n<title>Travaux au chemin de la Colline<\/title>\n<meta name=\"description\" content=\"D\u00e9couvrez comment Yverdon \u00c9nergies forme ses apprentis sur le terrain, avec une immersion concr\u00e8te dans les m\u00e9tiers techniques de l&#039;\u00e9nergie. Une rel\u00e8ve engag\u00e9e pour une ville connect\u00e9e.\" \/>\n<meta name=\"robots\" content=\"index, follow, max-snippet:-1, max-image-preview:large, max-video-preview:-1\" \/>\n<link rel=\"canonical\" href=\"https:\/\/www.yverdon-energies.ch\/pt\/news\/travaux-au-chemin-de-la-colline\/\" \/>\n<meta property=\"og:locale\" content=\"pt_PT\" \/>\n<meta property=\"og:type\" content=\"article\" \/>\n<meta property=\"og:title\" content=\"Travaux au chemin de la Colline\" \/>\n<meta property=\"og:description\" content=\"D\u00e9couvrez comment Yverdon \u00c9nergies forme ses apprentis sur le terrain, avec une immersion concr\u00e8te dans les m\u00e9tiers techniques de l&#039;\u00e9nergie. Une rel\u00e8ve engag\u00e9e pour une ville connect\u00e9e.\" \/>\n<meta property=\"og:url\" content=\"https:\/\/www.yverdon-energies.ch\/pt\/news\/travaux-au-chemin-de-la-colline\/\" \/>\n<meta property=\"og:site_name\" content=\"Yverdon \u00c9nergies\" \/>\n<meta property=\"article:publisher\" content=\"https:\/\/www.facebook.com\/@YverdonEnergies\/\" \/>\n<meta property=\"article:modified_time\" content=\"2026-05-01T08:54:14+00:00\" \/>\n<meta property=\"og:image\" content=\"https:\/\/www.yverdon-energies.ch\/wp-content\/uploads\/2026\/05\/travaux-collines-yverdon-energies.jpg\" \/>\n\t<meta property=\"og:image:width\" content=\"798\" \/>\n\t<meta property=\"og:image:height\" content=\"496\" \/>\n\t<meta property=\"og:image:type\" content=\"image\/jpeg\" \/>\n<meta name=\"twitter:card\" content=\"summary_large_image\" \/>\n<meta name=\"twitter:label1\" content=\"Est. reading time\" \/>\n\t<meta name=\"twitter:data1\" content=\"1 minute\" \/>\n<script type=\"application\/ld+json\" class=\"yoast-schema-graph\">{\"@context\":\"https:\/\/schema.org\",\"@graph\":[{\"@type\":\"WebPage\",\"@id\":\"https:\/\/www.yverdon-energies.ch\/pt\/news\/travaux-au-chemin-de-la-colline\/\",\"url\":\"https:\/\/www.yverdon-energies.ch\/pt\/news\/travaux-au-chemin-de-la-colline\/\",\"name\":\"Travaux au chemin de la Colline\",\"isPartOf\":{\"@id\":\"https:\/\/www.yverdon-energies.ch\/pt\/#website\"},\"primaryImageOfPage\":{\"@id\":\"https:\/\/www.yverdon-energies.ch\/pt\/news\/travaux-au-chemin-de-la-colline\/#primaryimage\"},\"image\":{\"@id\":\"https:\/\/www.yverdon-energies.ch\/pt\/news\/travaux-au-chemin-de-la-colline\/#primaryimage\"},\"thumbnailUrl\":\"https:\/\/www.yverdon-energies.ch\/wp-content\/uploads\/2026\/05\/travaux-collines-yverdon-energies.jpg\",\"datePublished\":\"2026-04-23T08:53:26+00:00\",\"dateModified\":\"2026-05-01T08:54:14+00:00\",\"description\":\"D\u00e9couvrez comment Yverdon \u00c9nergies forme ses apprentis sur le terrain, avec une immersion concr\u00e8te dans les m\u00e9tiers techniques de l'\u00e9nergie. Une rel\u00e8ve engag\u00e9e pour une ville connect\u00e9e.\",\"breadcrumb\":{\"@id\":\"https:\/\/www.yverdon-energies.ch\/pt\/news\/travaux-au-chemin-de-la-colline\/#breadcrumb\"},\"inLanguage\":\"pt\",\"potentialAction\":[{\"@type\":\"ReadAction\",\"target\":[\"https:\/\/www.yverdon-energies.ch\/pt\/news\/travaux-au-chemin-de-la-colline\/\"]}]},{\"@type\":\"ImageObject\",\"inLanguage\":\"pt\",\"@id\":\"https:\/\/www.yverdon-energies.ch\/pt\/news\/travaux-au-chemin-de-la-colline\/#primaryimage\",\"url\":\"https:\/\/www.yverdon-energies.ch\/wp-content\/uploads\/2026\/05\/travaux-collines-yverdon-energies.jpg\",\"contentUrl\":\"https:\/\/www.yverdon-energies.ch\/wp-content\/uploads\/2026\/05\/travaux-collines-yverdon-energies.jpg\",\"width\":798,\"height\":496,\"caption\":\"Yverdon \u00c9nergies - Travaux Collines\"},{\"@type\":\"BreadcrumbList\",\"@id\":\"https:\/\/www.yverdon-energies.ch\/pt\/news\/travaux-au-chemin-de-la-colline\/#breadcrumb\",\"itemListElement\":[{\"@type\":\"ListItem\",\"position\":1,\"name\":\"Accueil\",\"item\":\"https:\/\/www.yverdon-energies.ch\/pt\/\"},{\"@type\":\"ListItem\",\"position\":2,\"name\":\"News\",\"item\":\"https:\/\/www.yverdon-energies.ch\/pt\/news\/\"},{\"@type\":\"ListItem\",\"position\":3,\"name\":\"Travaux au chemin de la Colline\"}]},{\"@type\":\"WebSite\",\"@id\":\"https:\/\/www.yverdon-energies.ch\/pt\/#website\",\"url\":\"https:\/\/www.yverdon-energies.ch\/pt\/\",\"name\":\"Yverdon \u00c9nergies\",\"description\":\"\",\"publisher\":{\"@id\":\"https:\/\/www.yverdon-energies.ch\/pt\/#organization\"},\"potentialAction\":[{\"@type\":\"SearchAction\",\"target\":{\"@type\":\"EntryPoint\",\"urlTemplate\":\"https:\/\/www.yverdon-energies.ch\/pt\/?s={search_term_string}\"},\"query-input\":{\"@type\":\"PropertyValueSpecification\",\"valueRequired\":true,\"valueName\":\"search_term_string\"}}],\"inLanguage\":\"pt\"},{\"@type\":\"Organization\",\"@id\":\"https:\/\/www.yverdon-energies.ch\/pt\/#organization\",\"name\":\"Yverdon \u00c9nergies\",\"url\":\"https:\/\/www.yverdon-energies.ch\/pt\/\",\"logo\":{\"@type\":\"ImageObject\",\"inLanguage\":\"pt\",\"@id\":\"https:\/\/www.yverdon-energies.ch\/pt\/#\/schema\/logo\/image\/\",\"url\":\"https:\/\/www.yverdon-energies.ch\/wp-content\/uploads\/2023\/07\/logo_new.svg\",\"contentUrl\":\"https:\/\/www.yverdon-energies.ch\/wp-content\/uploads\/2023\/07\/logo_new.svg\",\"width\":127,\"height\":56,\"caption\":\"Yverdon \u00c9nergies\"},\"image\":{\"@id\":\"https:\/\/www.yverdon-energies.ch\/pt\/#\/schema\/logo\/image\/\"},\"sameAs\":[\"https:\/\/www.facebook.com\/@YverdonEnergies\/\"]}]}<\/script>\n<!-- \/ Yoast SEO plugin. -->","yoast_head_json":{"title":"Travaux au chemin de la Colline","description":"D\u00e9couvrez comment Yverdon \u00c9nergies forme ses apprentis sur le terrain, avec une immersion concr\u00e8te dans les m\u00e9tiers techniques de l'\u00e9nergie. Une rel\u00e8ve engag\u00e9e pour une ville connect\u00e9e.","robots":{"index":"index","follow":"follow","max-snippet":"max-snippet:-1","max-image-preview":"max-image-preview:large","max-video-preview":"max-video-preview:-1"},"canonical":"https:\/\/www.yverdon-energies.ch\/pt\/news\/travaux-au-chemin-de-la-colline\/","og_locale":"pt_PT","og_type":"article","og_title":"Travaux au chemin de la Colline","og_description":"D\u00e9couvrez comment Yverdon \u00c9nergies forme ses apprentis sur le terrain, avec une immersion concr\u00e8te dans les m\u00e9tiers techniques de l'\u00e9nergie. Une rel\u00e8ve engag\u00e9e pour une ville connect\u00e9e.","og_url":"https:\/\/www.yverdon-energies.ch\/pt\/news\/travaux-au-chemin-de-la-colline\/","og_site_name":"Yverdon \u00c9nergies","article_publisher":"https:\/\/www.facebook.com\/@YverdonEnergies\/","article_modified_time":"2026-05-01T08:54:14+00:00","og_image":[{"width":798,"height":496,"url":"https:\/\/www.yverdon-energies.ch\/wp-content\/uploads\/2026\/05\/travaux-collines-yverdon-energies.jpg","type":"image\/jpeg"}],"twitter_card":"summary_large_image","twitter_misc":{"Est. reading time":"1 minute"},"schema":{"@context":"https:\/\/schema.org","@graph":[{"@type":"WebPage","@id":"https:\/\/www.yverdon-energies.ch\/pt\/news\/travaux-au-chemin-de-la-colline\/","url":"https:\/\/www.yverdon-energies.ch\/pt\/news\/travaux-au-chemin-de-la-colline\/","name":"Travaux au chemin de la Colline","isPartOf":{"@id":"https:\/\/www.yverdon-energies.ch\/pt\/#website"},"primaryImageOfPage":{"@id":"https:\/\/www.yverdon-energies.ch\/pt\/news\/travaux-au-chemin-de-la-colline\/#primaryimage"},"image":{"@id":"https:\/\/www.yverdon-energies.ch\/pt\/news\/travaux-au-chemin-de-la-colline\/#primaryimage"},"thumbnailUrl":"https:\/\/www.yverdon-energies.ch\/wp-content\/uploads\/2026\/05\/travaux-collines-yverdon-energies.jpg","datePublished":"2026-04-23T08:53:26+00:00","dateModified":"2026-05-01T08:54:14+00:00","description":"D\u00e9couvrez comment Yverdon \u00c9nergies forme ses apprentis sur le terrain, avec une immersion concr\u00e8te dans les m\u00e9tiers techniques de l'\u00e9nergie. Une rel\u00e8ve engag\u00e9e pour une ville connect\u00e9e.","breadcrumb":{"@id":"https:\/\/www.yverdon-energies.ch\/pt\/news\/travaux-au-chemin-de-la-colline\/#breadcrumb"},"inLanguage":"pt","potentialAction":[{"@type":"ReadAction","target":["https:\/\/www.yverdon-energies.ch\/pt\/news\/travaux-au-chemin-de-la-colline\/"]}]},{"@type":"ImageObject","inLanguage":"pt","@id":"https:\/\/www.yverdon-energies.ch\/pt\/news\/travaux-au-chemin-de-la-colline\/#primaryimage","url":"https:\/\/www.yverdon-energies.ch\/wp-content\/uploads\/2026\/05\/travaux-collines-yverdon-energies.jpg","contentUrl":"https:\/\/www.yverdon-energies.ch\/wp-content\/uploads\/2026\/05\/travaux-collines-yverdon-energies.jpg","width":798,"height":496,"caption":"Yverdon \u00c9nergies - Travaux Collines"},{"@type":"BreadcrumbList","@id":"https:\/\/www.yverdon-energies.ch\/pt\/news\/travaux-au-chemin-de-la-colline\/#breadcrumb","itemListElement":[{"@type":"ListItem","position":1,"name":"Accueil","item":"https:\/\/www.yverdon-energies.ch\/pt\/"},{"@type":"ListItem","position":2,"name":"News","item":"https:\/\/www.yverdon-energies.ch\/pt\/news\/"},{"@type":"ListItem","position":3,"name":"Travaux au chemin de la Colline"}]},{"@type":"WebSite","@id":"https:\/\/www.yverdon-energies.ch\/pt\/#website","url":"https:\/\/www.yverdon-energies.ch\/pt\/","name":"Yverdon \u00c9nergies","description":"","publisher":{"@id":"https:\/\/www.yverdon-energies.ch\/pt\/#organization"},"potentialAction":[{"@type":"SearchAction","target":{"@type":"EntryPoint","urlTemplate":"https:\/\/www.yverdon-energies.ch\/pt\/?s={search_term_string}"},"query-input":{"@type":"PropertyValueSpecification","valueRequired":true,"valueName":"search_term_string"}}],"inLanguage":"pt"},{"@type":"Organization","@id":"https:\/\/www.yverdon-energies.ch\/pt\/#organization","name":"Yverdon \u00c9nergies","url":"https:\/\/www.yverdon-energies.ch\/pt\/","logo":{"@type":"ImageObject","inLanguage":"pt","@id":"https:\/\/www.yverdon-energies.ch\/pt\/#\/schema\/logo\/image\/","url":"https:\/\/www.yverdon-energies.ch\/wp-content\/uploads\/2023\/07\/logo_new.svg","contentUrl":"https:\/\/www.yverdon-energies.ch\/wp-content\/uploads\/2023\/07\/logo_new.svg","width":127,"height":56,"caption":"Yverdon \u00c9nergies"},"image":{"@id":"https:\/\/www.yverdon-energies.ch\/pt\/#\/schema\/logo\/image\/"},"sameAs":["https:\/\/www.facebook.com\/@YverdonEnergies\/"]}]}},"_links":{"self":[{"href":"https:\/\/www.yverdon-energies.ch\/pt\/wp-json\/wp\/v2\/news\/15313","targetHints":{"allow":["GET"]}}],"collection":[{"href":"https:\/\/www.yverdon-energies.ch\/pt\/wp-json\/wp\/v2\/news"}],"about":[{"href":"https:\/\/www.yverdon-energies.ch\/pt\/wp-json\/wp\/v2\/types\/news"}],"version-history":[{"count":1,"href":"https:\/\/www.yverdon-energies.ch\/pt\/wp-json\/wp\/v2\/news\/15313\/revisions"}],"predecessor-version":[{"id":15320,"href":"https:\/\/www.yverdon-energies.ch\/pt\/wp-json\/wp\/v2\/news\/15313\/revisions\/15320"}],"wp:featuredmedia":[{"embeddable":true,"href":"https:\/\/www.yverdon-energies.ch\/pt\/wp-json\/wp\/v2\/media\/15317"}],"wp:attachment":[{"href":"https:\/\/www.yverdon-energies.ch\/pt\/wp-json\/wp\/v2\/media?parent=15313"}],"wp:term":[{"taxonomy":"profile","embeddable":true,"href":"https:\/\/www.yverdon-energies.ch\/pt\/wp-json\/wp\/v2\/profile?post=15313"},{"taxonomy":"news-cat","embeddable":true,"href":"https:\/\/www.yverdon-energies.ch\/pt\/wp-json\/wp\/v2\/news-cat?post=15313"}],"curies":[{"name":"wp","href":"https:\/\/api.w.org\/{rel}","templated":true}]}}