{"id":3316,"date":"2023-07-23T09:05:44","date_gmt":"2023-07-23T09:05:44","guid":{"rendered":"https:\/\/stagesey.creatives.ch\/?post_type=news&#038;p=3316"},"modified":"2023-11-01T12:54:16","modified_gmt":"2023-11-01T12:54:16","slug":"notre-ville-notre-eau","status":"publish","type":"news","link":"https:\/\/www.yverdon-energies.ch\/en\/news\/notre-ville-notre-eau\/","title":{"rendered":"Notre ville, notre eau"},"content":{"rendered":"<section class=\"inner_page_banner h_auto\" id=\"\">\n    <div class=\"sey_inner_page_container h-100\">\n        <div class=\"row h-100\">\n            <div class=\"col-xl-8 col-lg-12 h-100\">\n                <div class=\"inner_page_banner_txt\">\n                    <h1>Notre ville, notre eau<\/h1>\n                                        <p>L\u2019eau d\u2019ici : consommons-l\u00e0, \u00e9conomisons-l\u00e0 !<\/p>\n                                    <\/div>\n            <\/div>\n        <\/div>\n    <\/div>\n<\/section>\n\n<section class=\"simple_img_banner\">\n    <img decoding=\"async\" src=\"https:\/\/www.yverdon-energies.ch\/wp-content\/uploads\/2023\/10\/sey-eau-douche-16.9.jpg\" alt=\"\">\n<\/section>\n\n<section class=\"single_column_text\">\n    <div class=\"sey_inner_page_container\">\n        <div class=\"text_block\">\n            <p>En cette p\u00e9riode estivale et avec la s\u00e9cheresse marqu\u00e9e, combin\u00e9e avec les effets du changement climatique, Yverdon \u00c9nergies vous invite plus que jamais,\u00a0<a href=\"https:\/\/www.yverdon-energies.ch\/equiwatt\/?_sft_categories=particuliers&#038;_sft_souscategories=ecogestes&#038;_sft_etiquettes=eau\">\u00e0 quelques \u00e9co-gestes pour pr\u00e9server l\u2019eau<\/a>, ce bien pr\u00e9cieux. Saviez-vous par exemple, qu\u2019une douche de 5 minutes consomme 3 \u00e0 5 fois moins d\u2019eau qu\u2019un bain?<\/p>\n<p>Et qu\u2019il faut environ 15\u2019000 kilowattheures par jour pour produire l\u2019eau consomm\u00e9e \u00e0 Yverdon-les-Bains, en \u00e9t\u00e9 (soit 15\u2019000 m\u00b3) ? L\u2019eau n\u00e9cessite en effet de l\u2019\u00e9nergie pour son captage, son pompage, ses traitements, son transport ainsi que sa distribution jusqu\u2019\u00e0 chez vous.<\/p>\n<p>Nous vous invitons, \u00e0 travers de notre\u00a0<a href=\"https:\/\/www.yverdon-energies.ch\/a-propos-eau\/\">campagne sur l\u2019eau et sur notre site web<\/a>\u00a0\u00e0 en d\u00e9couvrir plus sur le cycle domestique de l\u2019eau \u00e0 Yverdon-les-Bains. Ensemble, pr\u00e9servons l\u2019eau pour demain\u00a0!<\/p>\n        <\/div>  \n    <\/div>\n<\/section>\n","protected":false},"excerpt":{"rendered":"<p>Nous vous invitons, \u00e0 travers de notre campagne sur l\u2019eau, \u00e0 en d\u00e9couvrir plus sur le cycle domestique de l\u2019eau \u00e0 Yverdon-les-Bains. Ensemble, pr\u00e9servons l\u2019eau pour demain !<\/p>\n","protected":false},"featured_media":3317,"template":"","profile":[],"news-cat":[42],"class_list":["post-3316","news","type-news","status-publish","has-post-thumbnail","hentry","news-cat-eau"],"acf":[],"yoast_head":"<!-- This site is optimized with the Yoast SEO plugin v27.2 - https:\/\/yoast.com\/product\/yoast-seo-wordpress\/ -->\n<title>Notre ville, notre eau &#8211; Yverdon \u00c9nergies<\/title>\n<meta name=\"robots\" content=\"index, follow, max-snippet:-1, max-image-preview:large, max-video-preview:-1\" \/>\n<link rel=\"canonical\" href=\"https:\/\/www.yverdon-energies.ch\/en\/news\/notre-ville-notre-eau\/\" \/>\n<meta property=\"og:locale\" content=\"en_US\" \/>\n<meta property=\"og:type\" content=\"article\" \/>\n<meta property=\"og:title\" content=\"Notre ville, notre eau &#8211; Yverdon \u00c9nergies\" \/>\n<meta property=\"og:description\" content=\"Nous vous invitons, \u00e0 travers de notre campagne sur l\u2019eau, \u00e0 en d\u00e9couvrir plus sur le cycle domestique de l\u2019eau \u00e0 Yverdon-les-Bains. Ensemble, pr\u00e9servons l\u2019eau pour demain !\" \/>\n<meta property=\"og:url\" content=\"https:\/\/www.yverdon-energies.ch\/en\/news\/notre-ville-notre-eau\/\" \/>\n<meta property=\"og:site_name\" content=\"Yverdon \u00c9nergies\" \/>\n<meta property=\"article:publisher\" content=\"https:\/\/www.facebook.com\/@YverdonEnergies\/\" \/>\n<meta property=\"article:modified_time\" content=\"2023-11-01T12:54:16+00:00\" \/>\n<meta property=\"og:image\" content=\"https:\/\/www.yverdon-energies.ch\/wp-content\/uploads\/2023\/10\/sey-eau-douche-16.9.jpg\" \/>\n\t<meta property=\"og:image:width\" content=\"2250\" \/>\n\t<meta property=\"og:image:height\" content=\"2250\" \/>\n\t<meta property=\"og:image:type\" content=\"image\/jpeg\" \/>\n<meta name=\"twitter:card\" content=\"summary_large_image\" \/>\n<script type=\"application\/ld+json\" class=\"yoast-schema-graph\">{\"@context\":\"https:\/\/schema.org\",\"@graph\":[{\"@type\":\"WebPage\",\"@id\":\"https:\/\/www.yverdon-energies.ch\/en\/news\/notre-ville-notre-eau\/\",\"url\":\"https:\/\/www.yverdon-energies.ch\/en\/news\/notre-ville-notre-eau\/\",\"name\":\"Notre ville, notre eau &#8211; Yverdon \u00c9nergies\",\"isPartOf\":{\"@id\":\"https:\/\/www.yverdon-energies.ch\/en\/#website\"},\"primaryImageOfPage\":{\"@id\":\"https:\/\/www.yverdon-energies.ch\/en\/news\/notre-ville-notre-eau\/#primaryimage\"},\"image\":{\"@id\":\"https:\/\/www.yverdon-energies.ch\/en\/news\/notre-ville-notre-eau\/#primaryimage\"},\"thumbnailUrl\":\"https:\/\/www.yverdon-energies.ch\/wp-content\/uploads\/2023\/10\/sey-eau-douche-16.9.jpg\",\"datePublished\":\"2023-07-23T09:05:44+00:00\",\"dateModified\":\"2023-11-01T12:54:16+00:00\",\"breadcrumb\":{\"@id\":\"https:\/\/www.yverdon-energies.ch\/en\/news\/notre-ville-notre-eau\/#breadcrumb\"},\"inLanguage\":\"en-US\",\"potentialAction\":[{\"@type\":\"ReadAction\",\"target\":[\"https:\/\/www.yverdon-energies.ch\/en\/news\/notre-ville-notre-eau\/\"]}]},{\"@type\":\"ImageObject\",\"inLanguage\":\"en-US\",\"@id\":\"https:\/\/www.yverdon-energies.ch\/en\/news\/notre-ville-notre-eau\/#primaryimage\",\"url\":\"https:\/\/www.yverdon-energies.ch\/wp-content\/uploads\/2023\/10\/sey-eau-douche-16.9.jpg\",\"contentUrl\":\"https:\/\/www.yverdon-energies.ch\/wp-content\/uploads\/2023\/10\/sey-eau-douche-16.9.jpg\",\"width\":2250,\"height\":2250},{\"@type\":\"BreadcrumbList\",\"@id\":\"https:\/\/www.yverdon-energies.ch\/en\/news\/notre-ville-notre-eau\/#breadcrumb\",\"itemListElement\":[{\"@type\":\"ListItem\",\"position\":1,\"name\":\"Accueil\",\"item\":\"https:\/\/www.yverdon-energies.ch\/en\/\"},{\"@type\":\"ListItem\",\"position\":2,\"name\":\"News\",\"item\":\"https:\/\/www.yverdon-energies.ch\/en\/news\/\"},{\"@type\":\"ListItem\",\"position\":3,\"name\":\"Notre ville, notre eau\"}]},{\"@type\":\"WebSite\",\"@id\":\"https:\/\/www.yverdon-energies.ch\/en\/#website\",\"url\":\"https:\/\/www.yverdon-energies.ch\/en\/\",\"name\":\"Yverdon \u00c9nergies\",\"description\":\"\",\"publisher\":{\"@id\":\"https:\/\/www.yverdon-energies.ch\/en\/#organization\"},\"potentialAction\":[{\"@type\":\"SearchAction\",\"target\":{\"@type\":\"EntryPoint\",\"urlTemplate\":\"https:\/\/www.yverdon-energies.ch\/en\/?s={search_term_string}\"},\"query-input\":{\"@type\":\"PropertyValueSpecification\",\"valueRequired\":true,\"valueName\":\"search_term_string\"}}],\"inLanguage\":\"en-US\"},{\"@type\":\"Organization\",\"@id\":\"https:\/\/www.yverdon-energies.ch\/en\/#organization\",\"name\":\"Yverdon \u00c9nergies\",\"url\":\"https:\/\/www.yverdon-energies.ch\/en\/\",\"logo\":{\"@type\":\"ImageObject\",\"inLanguage\":\"en-US\",\"@id\":\"https:\/\/www.yverdon-energies.ch\/en\/#\/schema\/logo\/image\/\",\"url\":\"https:\/\/www.yverdon-energies.ch\/wp-content\/uploads\/2023\/07\/logo_new.svg\",\"contentUrl\":\"https:\/\/www.yverdon-energies.ch\/wp-content\/uploads\/2023\/07\/logo_new.svg\",\"width\":127,\"height\":56,\"caption\":\"Yverdon \u00c9nergies\"},\"image\":{\"@id\":\"https:\/\/www.yverdon-energies.ch\/en\/#\/schema\/logo\/image\/\"},\"sameAs\":[\"https:\/\/www.facebook.com\/@YverdonEnergies\/\"]}]}<\/script>\n<!-- \/ Yoast SEO plugin. -->","yoast_head_json":{"title":"Notre ville, notre eau &#8211; Yverdon \u00c9nergies","robots":{"index":"index","follow":"follow","max-snippet":"max-snippet:-1","max-image-preview":"max-image-preview:large","max-video-preview":"max-video-preview:-1"},"canonical":"https:\/\/www.yverdon-energies.ch\/en\/news\/notre-ville-notre-eau\/","og_locale":"en_US","og_type":"article","og_title":"Notre ville, notre eau &#8211; Yverdon \u00c9nergies","og_description":"Nous vous invitons, \u00e0 travers de notre campagne sur l\u2019eau, \u00e0 en d\u00e9couvrir plus sur le cycle domestique de l\u2019eau \u00e0 Yverdon-les-Bains. Ensemble, pr\u00e9servons l\u2019eau pour demain !","og_url":"https:\/\/www.yverdon-energies.ch\/en\/news\/notre-ville-notre-eau\/","og_site_name":"Yverdon \u00c9nergies","article_publisher":"https:\/\/www.facebook.com\/@YverdonEnergies\/","article_modified_time":"2023-11-01T12:54:16+00:00","og_image":[{"width":2250,"height":2250,"url":"https:\/\/www.yverdon-energies.ch\/wp-content\/uploads\/2023\/10\/sey-eau-douche-16.9.jpg","type":"image\/jpeg"}],"twitter_card":"summary_large_image","schema":{"@context":"https:\/\/schema.org","@graph":[{"@type":"WebPage","@id":"https:\/\/www.yverdon-energies.ch\/en\/news\/notre-ville-notre-eau\/","url":"https:\/\/www.yverdon-energies.ch\/en\/news\/notre-ville-notre-eau\/","name":"Notre ville, notre eau &#8211; Yverdon \u00c9nergies","isPartOf":{"@id":"https:\/\/www.yverdon-energies.ch\/en\/#website"},"primaryImageOfPage":{"@id":"https:\/\/www.yverdon-energies.ch\/en\/news\/notre-ville-notre-eau\/#primaryimage"},"image":{"@id":"https:\/\/www.yverdon-energies.ch\/en\/news\/notre-ville-notre-eau\/#primaryimage"},"thumbnailUrl":"https:\/\/www.yverdon-energies.ch\/wp-content\/uploads\/2023\/10\/sey-eau-douche-16.9.jpg","datePublished":"2023-07-23T09:05:44+00:00","dateModified":"2023-11-01T12:54:16+00:00","breadcrumb":{"@id":"https:\/\/www.yverdon-energies.ch\/en\/news\/notre-ville-notre-eau\/#breadcrumb"},"inLanguage":"en-US","potentialAction":[{"@type":"ReadAction","target":["https:\/\/www.yverdon-energies.ch\/en\/news\/notre-ville-notre-eau\/"]}]},{"@type":"ImageObject","inLanguage":"en-US","@id":"https:\/\/www.yverdon-energies.ch\/en\/news\/notre-ville-notre-eau\/#primaryimage","url":"https:\/\/www.yverdon-energies.ch\/wp-content\/uploads\/2023\/10\/sey-eau-douche-16.9.jpg","contentUrl":"https:\/\/www.yverdon-energies.ch\/wp-content\/uploads\/2023\/10\/sey-eau-douche-16.9.jpg","width":2250,"height":2250},{"@type":"BreadcrumbList","@id":"https:\/\/www.yverdon-energies.ch\/en\/news\/notre-ville-notre-eau\/#breadcrumb","itemListElement":[{"@type":"ListItem","position":1,"name":"Accueil","item":"https:\/\/www.yverdon-energies.ch\/en\/"},{"@type":"ListItem","position":2,"name":"News","item":"https:\/\/www.yverdon-energies.ch\/en\/news\/"},{"@type":"ListItem","position":3,"name":"Notre ville, notre eau"}]},{"@type":"WebSite","@id":"https:\/\/www.yverdon-energies.ch\/en\/#website","url":"https:\/\/www.yverdon-energies.ch\/en\/","name":"Yverdon \u00c9nergies","description":"","publisher":{"@id":"https:\/\/www.yverdon-energies.ch\/en\/#organization"},"potentialAction":[{"@type":"SearchAction","target":{"@type":"EntryPoint","urlTemplate":"https:\/\/www.yverdon-energies.ch\/en\/?s={search_term_string}"},"query-input":{"@type":"PropertyValueSpecification","valueRequired":true,"valueName":"search_term_string"}}],"inLanguage":"en-US"},{"@type":"Organization","@id":"https:\/\/www.yverdon-energies.ch\/en\/#organization","name":"Yverdon \u00c9nergies","url":"https:\/\/www.yverdon-energies.ch\/en\/","logo":{"@type":"ImageObject","inLanguage":"en-US","@id":"https:\/\/www.yverdon-energies.ch\/en\/#\/schema\/logo\/image\/","url":"https:\/\/www.yverdon-energies.ch\/wp-content\/uploads\/2023\/07\/logo_new.svg","contentUrl":"https:\/\/www.yverdon-energies.ch\/wp-content\/uploads\/2023\/07\/logo_new.svg","width":127,"height":56,"caption":"Yverdon \u00c9nergies"},"image":{"@id":"https:\/\/www.yverdon-energies.ch\/en\/#\/schema\/logo\/image\/"},"sameAs":["https:\/\/www.facebook.com\/@YverdonEnergies\/"]}]}},"_links":{"self":[{"href":"https:\/\/www.yverdon-energies.ch\/en\/wp-json\/wp\/v2\/news\/3316","targetHints":{"allow":["GET"]}}],"collection":[{"href":"https:\/\/www.yverdon-energies.ch\/en\/wp-json\/wp\/v2\/news"}],"about":[{"href":"https:\/\/www.yverdon-energies.ch\/en\/wp-json\/wp\/v2\/types\/news"}],"version-history":[{"count":3,"href":"https:\/\/www.yverdon-energies.ch\/en\/wp-json\/wp\/v2\/news\/3316\/revisions"}],"predecessor-version":[{"id":3402,"href":"https:\/\/www.yverdon-energies.ch\/en\/wp-json\/wp\/v2\/news\/3316\/revisions\/3402"}],"wp:featuredmedia":[{"embeddable":true,"href":"https:\/\/www.yverdon-energies.ch\/en\/wp-json\/wp\/v2\/media\/3317"}],"wp:attachment":[{"href":"https:\/\/www.yverdon-energies.ch\/en\/wp-json\/wp\/v2\/media?parent=3316"}],"wp:term":[{"taxonomy":"profile","embeddable":true,"href":"https:\/\/www.yverdon-energies.ch\/en\/wp-json\/wp\/v2\/profile?post=3316"},{"taxonomy":"news-cat","embeddable":true,"href":"https:\/\/www.yverdon-energies.ch\/en\/wp-json\/wp\/v2\/news-cat?post=3316"}],"curies":[{"name":"wp","href":"https:\/\/api.w.org\/{rel}","templated":true}]}}