{"id":3248,"date":"2022-12-14T15:24:08","date_gmt":"2022-12-14T15:24:08","guid":{"rendered":"https:\/\/stagesey.creatives.ch\/?post_type=news&#038;p=3248"},"modified":"2023-11-01T13:13:00","modified_gmt":"2023-11-01T13:13:00","slug":"forum-2022","status":"publish","type":"news","link":"https:\/\/www.yverdon-energies.ch\/en\/news\/forum-2022\/","title":{"rendered":"Forum 2022"},"content":{"rendered":"<section class=\"inner_page_banner h_auto\" id=\"\">\n    <div class=\"sey_inner_page_container h-100\">\n        <div class=\"row h-100\">\n            <div class=\"col-xl-8 col-lg-12 h-100\">\n                <div class=\"inner_page_banner_txt\">\n                    <h1>Forum 2022<\/h1>\n                                    <\/div>\n            <\/div>\n        <\/div>\n    <\/div>\n<\/section>\n\n<section class=\"simple_img_banner\">\n    <img decoding=\"async\" src=\"https:\/\/www.yverdon-energies.ch\/wp-content\/uploads\/2023\/10\/YLB-Forum-Energie-\u00a9-Ville-dYverdon-les-Bains-Zoe-Jobin-.jpg\" alt=\"\">\n<\/section>\n\n<section class=\"single_column_text\">\n    <div class=\"sey_inner_page_container\">\n        <div class=\"text_block\">\n            <p><strong>Lors de son \u00e9v\u00e9nement annuel rassemblant des entreprises, commer\u00e7ant\u00b7es et professionnel\u00b7les de l\u2019immobilier de la ville d\u2019Yverdon-les-Bains, Yverdon Energies a d\u00e9voil\u00e9 son plan de mesures concr\u00e8tes pour soutenir la population et les acteurs et actrices \u00e9conomiques face \u00e0 la crise \u00e9nerg\u00e9tique actuelle.\u00a0<a href=\"https:\/\/www.yverdon-energies.ch\/equiwatt\/eco-pme\/\">Le programme Eco-PME<\/a>\u00a0encourage les entreprises et commer\u00e7ant\u00b7es \u00e0 r\u00e9aliser des \u00e9conomies d\u2019\u00e9nergie et\u00a0<a href=\"https:\/\/www.yverdon-energies.ch\/particuliers\/services\/electricite-services-particuliers\/eco-challenge\/\">l\u2019Eco-challenge<\/a>\u00a0r\u00e9compense toutes celles et ceux qui s\u2019engagent \u00e0 r\u00e9duire leur consommation d\u2019\u00e9lectricit\u00e9 en 2023 par une remise sur leur facture en fin d\u2019ann\u00e9e.<\/strong><\/p>\n<p>Entreprises, commer\u00e7ant\u00b7es et professionnel\u00b7les de l\u2019immobilier de la ville d\u2019Yverdon-les-Bains \u00e9taient r\u00e9unis ce vendredi 2 d\u00e9cembre au Forum 2022 d\u2019Yverdon \u00c9nergies sur le th\u00e8me \u00ab\u00a0<em>Crise \u00e9nerg\u00e9tique: point de situation et mesures concr\u00e8tes pour traverser l\u2019hiver<\/em>\u00a0\u00bb.<\/p>\n<p>Cette rencontre interactive rassemblait un panel d\u2019expert\u00b7es pour r\u00e9pondre aux questions des acteurs et actrices de l\u2019\u00e9conomie locale sur la situation et les enjeux actuels en mati\u00e8re \u00e9nerg\u00e9tique. A cette occasion, Yverdon \u00c9nergies a d\u00e9voil\u00e9 son plan de mesures pour aider les Yverdonnois\u00b7ses et les entreprises locales \u00e0 r\u00e9duire leur facture \u00e9nerg\u00e9tique gr\u00e2ce notamment \u00e0 deux nouveaux programmes qui s\u2019inscrivent dans la palette de prestations d\u00e9j\u00e0 existante en terme d\u2019efficience \u00e9nerg\u00e9tique.<\/p>\n<p>Les PME yverdonnoises pourront b\u00e9n\u00e9ficier, gr\u00e2ce au\u00a0<a href=\"https:\/\/www.yverdon-energies.ch\/equiwatt\/eco-pme\/\">programme<\/a><strong>\u00a0Eco-PME,<\/strong>\u00a0d\u2019une visite gratuite d\u2019un\u00b7e expert\u00b7e en \u00e9conomies d\u2019\u00e9nergie qui d\u00e9finira un plan d\u2019action sur mesure pour les accompagner dans la r\u00e9duction de leur consommation. Apr\u00e8s la signature d\u2019une charte d\u2019engagement, celles-ci pourront ensuite valoriser leurs efforts aupr\u00e8s de leur client\u00e8le au travers du label\u00a0<a href=\"https:\/\/www.yverdon-energies.ch\/equiwatt\/eco-pme\/\">Eco-PME<\/a>\u00a0d\u00e9livr\u00e9 par Yverdon Energies.<\/p>\n<p><a href=\"https:\/\/www.yverdon-energies.ch\/particuliers\/services\/electricite-services-particuliers\/eco-challenge\/\"><strong>L\u2019Eco-challenge<\/strong><\/a>\u00a0s\u2019adresse \u00e0 toute la population et toutes les entreprises b\u00e9n\u00e9ficiant des tarifs d\u2019\u00e9lectricit\u00e9 r\u00e9gul\u00e9s. Face au risque de p\u00e9nurie, chaque geste compte! \u00c9viter de gaspiller de l\u2019\u00e9nergie et r\u00e9duire sa consommation est une priorit\u00e9. Pour atteindre cet objectif, Yverdon \u00c9nergies va r\u00e9compenser les \u00e9conomies d\u2019\u00e9lectricit\u00e9 avec une remise sur la facture de ses client\u00b7es. Pour chaque kWh \u00e9conomis\u00e9 en 2023 par rapport \u00e0 2022, un montant de 20 cts sera d\u00e9duit de la derni\u00e8re facture 2023.\u00a0<a href=\"https:\/\/www.yverdon-energies.ch\/particuliers\/services\/electricite-services-particuliers\/eco-challenge\/\">L\u2019Eco-challenge<\/a>\u00a0permettra donc de r\u00e9duire doublement sa facture\u00a0: gr\u00e2ce \u00e0 la baisse de la consommation et \u00e0 une remise de 20 cts pour chaque kWh \u00e9conomis\u00e9.<\/p>\n<p>&nbsp;<\/p>\n<p><a href=\"https:\/\/www.yverdon-energies.ch\/actualites-generales\/forum-2022\/\" target=\"_blank\" rel=\"noopener\">Lisez le communiqu\u00e9 de presse<\/a><\/p>\n<p><a href=\"https:\/\/www.yverdon-energies.ch\/wp-content\/uploads\/2022\/12\/La-Region_Forum-SEY-a-lHEIG-VD_20221205.pdf\" target=\"_blank\" rel=\"noopener\">Lisez l\u2019article paru dans La R\u00e9gion<\/a><\/p>\n<p><a href=\"https:\/\/www.yverdon-energies.ch\/wp-content\/uploads\/2022\/12\/Presentation_Forum_2022_version_email_post_event.pdf\" target=\"_blank\" rel=\"noopener\">Visionnez la pr\u00e9sentation du Forum<\/a><\/p>\n        <\/div>  \n    <\/div>\n<\/section>\n\n\n<section class=\"single_column_text\">\n    <div class=\"sey_inner_page_container\">\n        <div class=\"text_block\">\n            <p><iframe loading=\"lazy\" title=\"YVERDON \u00c9NERGIES - FORUM 2022\" width=\"500\" height=\"281\" src=\"https:\/\/www.youtube.com\/embed\/BpzTl-qxWg4?feature=oembed\" frameborder=\"0\" allow=\"accelerometer; autoplay; clipboard-write; encrypted-media; gyroscope; picture-in-picture; web-share\" referrerpolicy=\"strict-origin-when-cross-origin\" allowfullscreen><\/iframe><\/p>\n        <\/div>  \n    <\/div>\n<\/section>\n","protected":false},"excerpt":{"rendered":"<p>Vous \u00e9tiez nombreux \u00e0 r\u00e9pondre pr\u00e9sent \u00e0 notre \u00e9v\u00e9nement le vendredi 2 d\u00e9cembre dernier, merci pour votre participation !<\/p>\n","protected":false},"featured_media":3249,"template":"","profile":[],"news-cat":[45],"class_list":["post-3248","news","type-news","status-publish","has-post-thumbnail","hentry","news-cat-actualites-generales"],"acf":[],"yoast_head":"<!-- This site is optimized with the Yoast SEO plugin v27.2 - https:\/\/yoast.com\/product\/yoast-seo-wordpress\/ -->\n<title>Forum 2022 &#8211; Yverdon \u00c9nergies<\/title>\n<meta name=\"robots\" content=\"index, follow, max-snippet:-1, max-image-preview:large, max-video-preview:-1\" \/>\n<link rel=\"canonical\" href=\"https:\/\/www.yverdon-energies.ch\/en\/news\/forum-2022\/\" \/>\n<meta property=\"og:locale\" content=\"en_US\" \/>\n<meta property=\"og:type\" content=\"article\" \/>\n<meta property=\"og:title\" content=\"Forum 2022 &#8211; Yverdon \u00c9nergies\" \/>\n<meta property=\"og:description\" content=\"Vous \u00e9tiez nombreux \u00e0 r\u00e9pondre pr\u00e9sent \u00e0 notre \u00e9v\u00e9nement le vendredi 2 d\u00e9cembre dernier, merci pour votre participation !\" \/>\n<meta property=\"og:url\" content=\"https:\/\/www.yverdon-energies.ch\/en\/news\/forum-2022\/\" \/>\n<meta property=\"og:site_name\" content=\"Yverdon \u00c9nergies\" \/>\n<meta property=\"article:publisher\" content=\"https:\/\/www.facebook.com\/@YverdonEnergies\/\" \/>\n<meta property=\"article:modified_time\" content=\"2023-11-01T13:13:00+00:00\" \/>\n<meta property=\"og:image\" content=\"https:\/\/www.yverdon-energies.ch\/wp-content\/uploads\/2023\/10\/YLB-Forum-Energie-\u00a9-Ville-dYverdon-les-Bains-Zoe-Jobin-.jpg\" \/>\n\t<meta property=\"og:image:width\" content=\"1297\" \/>\n\t<meta property=\"og:image:height\" content=\"871\" \/>\n\t<meta property=\"og:image:type\" content=\"image\/jpeg\" \/>\n<meta name=\"twitter:card\" content=\"summary_large_image\" \/>\n<script type=\"application\/ld+json\" class=\"yoast-schema-graph\">{\"@context\":\"https:\/\/schema.org\",\"@graph\":[{\"@type\":\"WebPage\",\"@id\":\"https:\/\/www.yverdon-energies.ch\/en\/news\/forum-2022\/\",\"url\":\"https:\/\/www.yverdon-energies.ch\/en\/news\/forum-2022\/\",\"name\":\"Forum 2022 &#8211; Yverdon \u00c9nergies\",\"isPartOf\":{\"@id\":\"https:\/\/www.yverdon-energies.ch\/en\/#website\"},\"primaryImageOfPage\":{\"@id\":\"https:\/\/www.yverdon-energies.ch\/en\/news\/forum-2022\/#primaryimage\"},\"image\":{\"@id\":\"https:\/\/www.yverdon-energies.ch\/en\/news\/forum-2022\/#primaryimage\"},\"thumbnailUrl\":\"https:\/\/www.yverdon-energies.ch\/wp-content\/uploads\/2023\/10\/YLB-Forum-Energie-\u00a9-Ville-dYverdon-les-Bains-Zoe-Jobin-.jpg\",\"datePublished\":\"2022-12-14T15:24:08+00:00\",\"dateModified\":\"2023-11-01T13:13:00+00:00\",\"breadcrumb\":{\"@id\":\"https:\/\/www.yverdon-energies.ch\/en\/news\/forum-2022\/#breadcrumb\"},\"inLanguage\":\"en-US\",\"potentialAction\":[{\"@type\":\"ReadAction\",\"target\":[\"https:\/\/www.yverdon-energies.ch\/en\/news\/forum-2022\/\"]}]},{\"@type\":\"ImageObject\",\"inLanguage\":\"en-US\",\"@id\":\"https:\/\/www.yverdon-energies.ch\/en\/news\/forum-2022\/#primaryimage\",\"url\":\"https:\/\/www.yverdon-energies.ch\/wp-content\/uploads\/2023\/10\/YLB-Forum-Energie-\u00a9-Ville-dYverdon-les-Bains-Zoe-Jobin-.jpg\",\"contentUrl\":\"https:\/\/www.yverdon-energies.ch\/wp-content\/uploads\/2023\/10\/YLB-Forum-Energie-\u00a9-Ville-dYverdon-les-Bains-Zoe-Jobin-.jpg\",\"width\":1297,\"height\":871},{\"@type\":\"BreadcrumbList\",\"@id\":\"https:\/\/www.yverdon-energies.ch\/en\/news\/forum-2022\/#breadcrumb\",\"itemListElement\":[{\"@type\":\"ListItem\",\"position\":1,\"name\":\"Accueil\",\"item\":\"https:\/\/www.yverdon-energies.ch\/en\/\"},{\"@type\":\"ListItem\",\"position\":2,\"name\":\"News\",\"item\":\"https:\/\/www.yverdon-energies.ch\/en\/news\/\"},{\"@type\":\"ListItem\",\"position\":3,\"name\":\"Forum 2022\"}]},{\"@type\":\"WebSite\",\"@id\":\"https:\/\/www.yverdon-energies.ch\/en\/#website\",\"url\":\"https:\/\/www.yverdon-energies.ch\/en\/\",\"name\":\"Yverdon \u00c9nergies\",\"description\":\"\",\"publisher\":{\"@id\":\"https:\/\/www.yverdon-energies.ch\/en\/#organization\"},\"potentialAction\":[{\"@type\":\"SearchAction\",\"target\":{\"@type\":\"EntryPoint\",\"urlTemplate\":\"https:\/\/www.yverdon-energies.ch\/en\/?s={search_term_string}\"},\"query-input\":{\"@type\":\"PropertyValueSpecification\",\"valueRequired\":true,\"valueName\":\"search_term_string\"}}],\"inLanguage\":\"en-US\"},{\"@type\":\"Organization\",\"@id\":\"https:\/\/www.yverdon-energies.ch\/en\/#organization\",\"name\":\"Yverdon \u00c9nergies\",\"url\":\"https:\/\/www.yverdon-energies.ch\/en\/\",\"logo\":{\"@type\":\"ImageObject\",\"inLanguage\":\"en-US\",\"@id\":\"https:\/\/www.yverdon-energies.ch\/en\/#\/schema\/logo\/image\/\",\"url\":\"https:\/\/www.yverdon-energies.ch\/wp-content\/uploads\/2023\/07\/logo_new.svg\",\"contentUrl\":\"https:\/\/www.yverdon-energies.ch\/wp-content\/uploads\/2023\/07\/logo_new.svg\",\"width\":127,\"height\":56,\"caption\":\"Yverdon \u00c9nergies\"},\"image\":{\"@id\":\"https:\/\/www.yverdon-energies.ch\/en\/#\/schema\/logo\/image\/\"},\"sameAs\":[\"https:\/\/www.facebook.com\/@YverdonEnergies\/\"]}]}<\/script>\n<!-- \/ Yoast SEO plugin. -->","yoast_head_json":{"title":"Forum 2022 &#8211; Yverdon \u00c9nergies","robots":{"index":"index","follow":"follow","max-snippet":"max-snippet:-1","max-image-preview":"max-image-preview:large","max-video-preview":"max-video-preview:-1"},"canonical":"https:\/\/www.yverdon-energies.ch\/en\/news\/forum-2022\/","og_locale":"en_US","og_type":"article","og_title":"Forum 2022 &#8211; Yverdon \u00c9nergies","og_description":"Vous \u00e9tiez nombreux \u00e0 r\u00e9pondre pr\u00e9sent \u00e0 notre \u00e9v\u00e9nement le vendredi 2 d\u00e9cembre dernier, merci pour votre participation !","og_url":"https:\/\/www.yverdon-energies.ch\/en\/news\/forum-2022\/","og_site_name":"Yverdon \u00c9nergies","article_publisher":"https:\/\/www.facebook.com\/@YverdonEnergies\/","article_modified_time":"2023-11-01T13:13:00+00:00","og_image":[{"width":1297,"height":871,"url":"https:\/\/www.yverdon-energies.ch\/wp-content\/uploads\/2023\/10\/YLB-Forum-Energie-\u00a9-Ville-dYverdon-les-Bains-Zoe-Jobin-.jpg","type":"image\/jpeg"}],"twitter_card":"summary_large_image","schema":{"@context":"https:\/\/schema.org","@graph":[{"@type":"WebPage","@id":"https:\/\/www.yverdon-energies.ch\/en\/news\/forum-2022\/","url":"https:\/\/www.yverdon-energies.ch\/en\/news\/forum-2022\/","name":"Forum 2022 &#8211; Yverdon \u00c9nergies","isPartOf":{"@id":"https:\/\/www.yverdon-energies.ch\/en\/#website"},"primaryImageOfPage":{"@id":"https:\/\/www.yverdon-energies.ch\/en\/news\/forum-2022\/#primaryimage"},"image":{"@id":"https:\/\/www.yverdon-energies.ch\/en\/news\/forum-2022\/#primaryimage"},"thumbnailUrl":"https:\/\/www.yverdon-energies.ch\/wp-content\/uploads\/2023\/10\/YLB-Forum-Energie-\u00a9-Ville-dYverdon-les-Bains-Zoe-Jobin-.jpg","datePublished":"2022-12-14T15:24:08+00:00","dateModified":"2023-11-01T13:13:00+00:00","breadcrumb":{"@id":"https:\/\/www.yverdon-energies.ch\/en\/news\/forum-2022\/#breadcrumb"},"inLanguage":"en-US","potentialAction":[{"@type":"ReadAction","target":["https:\/\/www.yverdon-energies.ch\/en\/news\/forum-2022\/"]}]},{"@type":"ImageObject","inLanguage":"en-US","@id":"https:\/\/www.yverdon-energies.ch\/en\/news\/forum-2022\/#primaryimage","url":"https:\/\/www.yverdon-energies.ch\/wp-content\/uploads\/2023\/10\/YLB-Forum-Energie-\u00a9-Ville-dYverdon-les-Bains-Zoe-Jobin-.jpg","contentUrl":"https:\/\/www.yverdon-energies.ch\/wp-content\/uploads\/2023\/10\/YLB-Forum-Energie-\u00a9-Ville-dYverdon-les-Bains-Zoe-Jobin-.jpg","width":1297,"height":871},{"@type":"BreadcrumbList","@id":"https:\/\/www.yverdon-energies.ch\/en\/news\/forum-2022\/#breadcrumb","itemListElement":[{"@type":"ListItem","position":1,"name":"Accueil","item":"https:\/\/www.yverdon-energies.ch\/en\/"},{"@type":"ListItem","position":2,"name":"News","item":"https:\/\/www.yverdon-energies.ch\/en\/news\/"},{"@type":"ListItem","position":3,"name":"Forum 2022"}]},{"@type":"WebSite","@id":"https:\/\/www.yverdon-energies.ch\/en\/#website","url":"https:\/\/www.yverdon-energies.ch\/en\/","name":"Yverdon \u00c9nergies","description":"","publisher":{"@id":"https:\/\/www.yverdon-energies.ch\/en\/#organization"},"potentialAction":[{"@type":"SearchAction","target":{"@type":"EntryPoint","urlTemplate":"https:\/\/www.yverdon-energies.ch\/en\/?s={search_term_string}"},"query-input":{"@type":"PropertyValueSpecification","valueRequired":true,"valueName":"search_term_string"}}],"inLanguage":"en-US"},{"@type":"Organization","@id":"https:\/\/www.yverdon-energies.ch\/en\/#organization","name":"Yverdon \u00c9nergies","url":"https:\/\/www.yverdon-energies.ch\/en\/","logo":{"@type":"ImageObject","inLanguage":"en-US","@id":"https:\/\/www.yverdon-energies.ch\/en\/#\/schema\/logo\/image\/","url":"https:\/\/www.yverdon-energies.ch\/wp-content\/uploads\/2023\/07\/logo_new.svg","contentUrl":"https:\/\/www.yverdon-energies.ch\/wp-content\/uploads\/2023\/07\/logo_new.svg","width":127,"height":56,"caption":"Yverdon \u00c9nergies"},"image":{"@id":"https:\/\/www.yverdon-energies.ch\/en\/#\/schema\/logo\/image\/"},"sameAs":["https:\/\/www.facebook.com\/@YverdonEnergies\/"]}]}},"_links":{"self":[{"href":"https:\/\/www.yverdon-energies.ch\/en\/wp-json\/wp\/v2\/news\/3248","targetHints":{"allow":["GET"]}}],"collection":[{"href":"https:\/\/www.yverdon-energies.ch\/en\/wp-json\/wp\/v2\/news"}],"about":[{"href":"https:\/\/www.yverdon-energies.ch\/en\/wp-json\/wp\/v2\/types\/news"}],"version-history":[{"count":4,"href":"https:\/\/www.yverdon-energies.ch\/en\/wp-json\/wp\/v2\/news\/3248\/revisions"}],"predecessor-version":[{"id":3431,"href":"https:\/\/www.yverdon-energies.ch\/en\/wp-json\/wp\/v2\/news\/3248\/revisions\/3431"}],"wp:featuredmedia":[{"embeddable":true,"href":"https:\/\/www.yverdon-energies.ch\/en\/wp-json\/wp\/v2\/media\/3249"}],"wp:attachment":[{"href":"https:\/\/www.yverdon-energies.ch\/en\/wp-json\/wp\/v2\/media?parent=3248"}],"wp:term":[{"taxonomy":"profile","embeddable":true,"href":"https:\/\/www.yverdon-energies.ch\/en\/wp-json\/wp\/v2\/profile?post=3248"},{"taxonomy":"news-cat","embeddable":true,"href":"https:\/\/www.yverdon-energies.ch\/en\/wp-json\/wp\/v2\/news-cat?post=3248"}],"curies":[{"name":"wp","href":"https:\/\/api.w.org\/{rel}","templated":true}]}}