{"id":15303,"date":"2026-04-26T10:32:53","date_gmt":"2026-04-26T08:32:53","guid":{"rendered":"https:\/\/www.yverdon-energies.ch\/?post_type=news&#038;p=15303"},"modified":"2026-05-01T14:00:42","modified_gmt":"2026-05-01T12:00:42","slug":"yverdon-energies-rejoint-le-reseau-women-in-power","status":"publish","type":"news","link":"https:\/\/www.yverdon-energies.ch\/en\/news\/yverdon-energies-rejoint-le-reseau-women-in-power\/","title":{"rendered":"Yverdon \u00c9nergies rejoint le r\u00e9seau Women in Power"},"content":{"rendered":"<section class=\"inner_page_banner h_auto\" id=\"\">\n    <div class=\"sey_inner_page_container h-100\">\n        <div class=\"row h-100\">\n            <div class=\"col-xl-8 col-lg-12 h-100\">\n                <div class=\"inner_page_banner_txt\">\n                    <h1>Yverdon \u00c9nergies rejoint le r\u00e9seau Women in Power<\/h1>\n                                    <\/div>\n            <\/div>\n        <\/div>\n    <\/div>\n<\/section>\n\n<section class=\"simple_img_banner\">\n    <img decoding=\"async\" src=\"https:\/\/www.yverdon-energies.ch\/wp-content\/uploads\/2026\/05\/yverdon-energie-women-in-power-scaled.webp\" alt=\"\">\n<\/section>\n\n<section class=\"single_column_text\">\n    <div class=\"sey_inner_page_container\">\n        <div class=\"text_block\">\n            <p>Depuis le 1er janvier 2026, Yverdon Energies a rejoint les partenaires de l\u2019association Women in Power, premier r\u00e9seau de femmes actives dans le secteur de l\u2019\u00e9nergie en Suisse romande.<\/p>\n<p>D\u00e9j\u00e0 bien \u00e9tablie en Suisse al\u00e9manique, l\u2019association a officialis\u00e9 son implantation en Suisse romande en 2025. Cette initiative, lanc\u00e9e par Swisspower, vise \u00e0 renforcer l\u2019attractivit\u00e9 des entreprises du secteur de l\u2019\u00e9nergie en favorisant la diversit\u00e9.<\/p>\n<p>L\u2019association propose un r\u00e9seau national dynamique et engag\u00e9, qui favorise les \u00e9changes et le partage d\u2019exp\u00e9riences \u00e0 travers des ateliers et formations, des \u00e9v\u00e9nements et des possibilit\u00e9s de r\u00e9seautages.<\/p>\n<p>\u00c0 travers ce partenariat, Yverdon Energies poursuit son engagement et contribue au d\u00e9veloppement d\u2019un secteur \u00e9nerg\u00e9tique innovant et inclusif.<\/p>\n        <\/div>  \n    <\/div>\n<\/section>\n","protected":false},"excerpt":{"rendered":"<p>Yverdon Energies a le plaisir de devenir partenaire de Women in Power, le premier r\u00e9seau de femmes actives dans le secteur de l\u2019\u00e9nergie en Suisse romande.<\/p>\n","protected":false},"featured_media":15304,"template":"","profile":[16,15,14,13],"news-cat":[45],"class_list":["post-15303","news","type-news","status-publish","has-post-thumbnail","hentry","profile-locataire","profile-proprietaire","profile-regie","profile-entreprise","news-cat-actualites-generales"],"acf":[],"yoast_head":"<!-- This site is optimized with the Yoast SEO plugin v27.2 - https:\/\/yoast.com\/product\/yoast-seo-wordpress\/ -->\n<title>Yverdon \u00c9nergies rejoint le r\u00e9seau Women in Power<\/title>\n<meta name=\"description\" content=\"D\u00e9couvrez comment Yverdon \u00c9nergies forme ses apprentis sur le terrain, avec une immersion concr\u00e8te dans les m\u00e9tiers techniques de l&#039;\u00e9nergie. Une rel\u00e8ve engag\u00e9e pour une ville connect\u00e9e.\" \/>\n<meta name=\"robots\" content=\"index, follow, max-snippet:-1, max-image-preview:large, max-video-preview:-1\" \/>\n<link rel=\"canonical\" href=\"https:\/\/www.yverdon-energies.ch\/en\/news\/yverdon-energies-rejoint-le-reseau-women-in-power\/\" \/>\n<meta property=\"og:locale\" content=\"en_US\" \/>\n<meta property=\"og:type\" content=\"article\" \/>\n<meta property=\"og:title\" content=\"Yverdon \u00c9nergies rejoint le r\u00e9seau Women in Power\" \/>\n<meta property=\"og:description\" content=\"D\u00e9couvrez comment Yverdon \u00c9nergies forme ses apprentis sur le terrain, avec une immersion concr\u00e8te dans les m\u00e9tiers techniques de l&#039;\u00e9nergie. Une rel\u00e8ve engag\u00e9e pour une ville connect\u00e9e.\" \/>\n<meta property=\"og:url\" content=\"https:\/\/www.yverdon-energies.ch\/en\/news\/yverdon-energies-rejoint-le-reseau-women-in-power\/\" \/>\n<meta property=\"og:site_name\" content=\"Yverdon \u00c9nergies\" \/>\n<meta property=\"article:publisher\" content=\"https:\/\/www.facebook.com\/@YverdonEnergies\/\" \/>\n<meta property=\"article:modified_time\" content=\"2026-05-01T12:00:42+00:00\" \/>\n<meta property=\"og:image\" content=\"https:\/\/www.yverdon-energies.ch\/wp-content\/uploads\/2026\/05\/yverdon-energie-women-in-power-scaled.webp\" \/>\n\t<meta property=\"og:image:width\" content=\"2560\" \/>\n\t<meta property=\"og:image:height\" content=\"1828\" \/>\n\t<meta property=\"og:image:type\" content=\"image\/webp\" \/>\n<meta name=\"twitter:card\" content=\"summary_large_image\" \/>\n<meta name=\"twitter:label1\" content=\"Est. reading time\" \/>\n\t<meta name=\"twitter:data1\" content=\"1 minute\" \/>\n<script type=\"application\/ld+json\" class=\"yoast-schema-graph\">{\"@context\":\"https:\/\/schema.org\",\"@graph\":[{\"@type\":\"WebPage\",\"@id\":\"https:\/\/www.yverdon-energies.ch\/en\/news\/yverdon-energies-rejoint-le-reseau-women-in-power\/\",\"url\":\"https:\/\/www.yverdon-energies.ch\/en\/news\/yverdon-energies-rejoint-le-reseau-women-in-power\/\",\"name\":\"Yverdon \u00c9nergies rejoint le r\u00e9seau Women in Power\",\"isPartOf\":{\"@id\":\"https:\/\/www.yverdon-energies.ch\/en\/#website\"},\"primaryImageOfPage\":{\"@id\":\"https:\/\/www.yverdon-energies.ch\/en\/news\/yverdon-energies-rejoint-le-reseau-women-in-power\/#primaryimage\"},\"image\":{\"@id\":\"https:\/\/www.yverdon-energies.ch\/en\/news\/yverdon-energies-rejoint-le-reseau-women-in-power\/#primaryimage\"},\"thumbnailUrl\":\"https:\/\/www.yverdon-energies.ch\/wp-content\/uploads\/2026\/05\/yverdon-energie-women-in-power-scaled.webp\",\"datePublished\":\"2026-04-26T08:32:53+00:00\",\"dateModified\":\"2026-05-01T12:00:42+00:00\",\"description\":\"D\u00e9couvrez comment Yverdon \u00c9nergies forme ses apprentis sur le terrain, avec une immersion concr\u00e8te dans les m\u00e9tiers techniques de l'\u00e9nergie. Une rel\u00e8ve engag\u00e9e pour une ville connect\u00e9e.\",\"breadcrumb\":{\"@id\":\"https:\/\/www.yverdon-energies.ch\/en\/news\/yverdon-energies-rejoint-le-reseau-women-in-power\/#breadcrumb\"},\"inLanguage\":\"en-US\",\"potentialAction\":[{\"@type\":\"ReadAction\",\"target\":[\"https:\/\/www.yverdon-energies.ch\/en\/news\/yverdon-energies-rejoint-le-reseau-women-in-power\/\"]}]},{\"@type\":\"ImageObject\",\"inLanguage\":\"en-US\",\"@id\":\"https:\/\/www.yverdon-energies.ch\/en\/news\/yverdon-energies-rejoint-le-reseau-women-in-power\/#primaryimage\",\"url\":\"https:\/\/www.yverdon-energies.ch\/wp-content\/uploads\/2026\/05\/yverdon-energie-women-in-power-scaled.webp\",\"contentUrl\":\"https:\/\/www.yverdon-energies.ch\/wp-content\/uploads\/2026\/05\/yverdon-energie-women-in-power-scaled.webp\",\"width\":2560,\"height\":1828,\"caption\":\"Yverdon \u00c9nergies - Women in Power\"},{\"@type\":\"BreadcrumbList\",\"@id\":\"https:\/\/www.yverdon-energies.ch\/en\/news\/yverdon-energies-rejoint-le-reseau-women-in-power\/#breadcrumb\",\"itemListElement\":[{\"@type\":\"ListItem\",\"position\":1,\"name\":\"Accueil\",\"item\":\"https:\/\/www.yverdon-energies.ch\/en\/\"},{\"@type\":\"ListItem\",\"position\":2,\"name\":\"News\",\"item\":\"https:\/\/www.yverdon-energies.ch\/en\/news\/\"},{\"@type\":\"ListItem\",\"position\":3,\"name\":\"Yverdon \u00c9nergies rejoint le r\u00e9seau Women in Power\"}]},{\"@type\":\"WebSite\",\"@id\":\"https:\/\/www.yverdon-energies.ch\/en\/#website\",\"url\":\"https:\/\/www.yverdon-energies.ch\/en\/\",\"name\":\"Yverdon \u00c9nergies\",\"description\":\"\",\"publisher\":{\"@id\":\"https:\/\/www.yverdon-energies.ch\/en\/#organization\"},\"potentialAction\":[{\"@type\":\"SearchAction\",\"target\":{\"@type\":\"EntryPoint\",\"urlTemplate\":\"https:\/\/www.yverdon-energies.ch\/en\/?s={search_term_string}\"},\"query-input\":{\"@type\":\"PropertyValueSpecification\",\"valueRequired\":true,\"valueName\":\"search_term_string\"}}],\"inLanguage\":\"en-US\"},{\"@type\":\"Organization\",\"@id\":\"https:\/\/www.yverdon-energies.ch\/en\/#organization\",\"name\":\"Yverdon \u00c9nergies\",\"url\":\"https:\/\/www.yverdon-energies.ch\/en\/\",\"logo\":{\"@type\":\"ImageObject\",\"inLanguage\":\"en-US\",\"@id\":\"https:\/\/www.yverdon-energies.ch\/en\/#\/schema\/logo\/image\/\",\"url\":\"https:\/\/www.yverdon-energies.ch\/wp-content\/uploads\/2023\/07\/logo_new.svg\",\"contentUrl\":\"https:\/\/www.yverdon-energies.ch\/wp-content\/uploads\/2023\/07\/logo_new.svg\",\"width\":127,\"height\":56,\"caption\":\"Yverdon \u00c9nergies\"},\"image\":{\"@id\":\"https:\/\/www.yverdon-energies.ch\/en\/#\/schema\/logo\/image\/\"},\"sameAs\":[\"https:\/\/www.facebook.com\/@YverdonEnergies\/\"]}]}<\/script>\n<!-- \/ Yoast SEO plugin. -->","yoast_head_json":{"title":"Yverdon \u00c9nergies rejoint le r\u00e9seau Women in Power","description":"D\u00e9couvrez comment Yverdon \u00c9nergies forme ses apprentis sur le terrain, avec une immersion concr\u00e8te dans les m\u00e9tiers techniques de l'\u00e9nergie. Une rel\u00e8ve engag\u00e9e pour une ville connect\u00e9e.","robots":{"index":"index","follow":"follow","max-snippet":"max-snippet:-1","max-image-preview":"max-image-preview:large","max-video-preview":"max-video-preview:-1"},"canonical":"https:\/\/www.yverdon-energies.ch\/en\/news\/yverdon-energies-rejoint-le-reseau-women-in-power\/","og_locale":"en_US","og_type":"article","og_title":"Yverdon \u00c9nergies rejoint le r\u00e9seau Women in Power","og_description":"D\u00e9couvrez comment Yverdon \u00c9nergies forme ses apprentis sur le terrain, avec une immersion concr\u00e8te dans les m\u00e9tiers techniques de l'\u00e9nergie. Une rel\u00e8ve engag\u00e9e pour une ville connect\u00e9e.","og_url":"https:\/\/www.yverdon-energies.ch\/en\/news\/yverdon-energies-rejoint-le-reseau-women-in-power\/","og_site_name":"Yverdon \u00c9nergies","article_publisher":"https:\/\/www.facebook.com\/@YverdonEnergies\/","article_modified_time":"2026-05-01T12:00:42+00:00","og_image":[{"width":2560,"height":1828,"url":"https:\/\/www.yverdon-energies.ch\/wp-content\/uploads\/2026\/05\/yverdon-energie-women-in-power-scaled.webp","type":"image\/webp"}],"twitter_card":"summary_large_image","twitter_misc":{"Est. reading time":"1 minute"},"schema":{"@context":"https:\/\/schema.org","@graph":[{"@type":"WebPage","@id":"https:\/\/www.yverdon-energies.ch\/en\/news\/yverdon-energies-rejoint-le-reseau-women-in-power\/","url":"https:\/\/www.yverdon-energies.ch\/en\/news\/yverdon-energies-rejoint-le-reseau-women-in-power\/","name":"Yverdon \u00c9nergies rejoint le r\u00e9seau Women in Power","isPartOf":{"@id":"https:\/\/www.yverdon-energies.ch\/en\/#website"},"primaryImageOfPage":{"@id":"https:\/\/www.yverdon-energies.ch\/en\/news\/yverdon-energies-rejoint-le-reseau-women-in-power\/#primaryimage"},"image":{"@id":"https:\/\/www.yverdon-energies.ch\/en\/news\/yverdon-energies-rejoint-le-reseau-women-in-power\/#primaryimage"},"thumbnailUrl":"https:\/\/www.yverdon-energies.ch\/wp-content\/uploads\/2026\/05\/yverdon-energie-women-in-power-scaled.webp","datePublished":"2026-04-26T08:32:53+00:00","dateModified":"2026-05-01T12:00:42+00:00","description":"D\u00e9couvrez comment Yverdon \u00c9nergies forme ses apprentis sur le terrain, avec une immersion concr\u00e8te dans les m\u00e9tiers techniques de l'\u00e9nergie. Une rel\u00e8ve engag\u00e9e pour une ville connect\u00e9e.","breadcrumb":{"@id":"https:\/\/www.yverdon-energies.ch\/en\/news\/yverdon-energies-rejoint-le-reseau-women-in-power\/#breadcrumb"},"inLanguage":"en-US","potentialAction":[{"@type":"ReadAction","target":["https:\/\/www.yverdon-energies.ch\/en\/news\/yverdon-energies-rejoint-le-reseau-women-in-power\/"]}]},{"@type":"ImageObject","inLanguage":"en-US","@id":"https:\/\/www.yverdon-energies.ch\/en\/news\/yverdon-energies-rejoint-le-reseau-women-in-power\/#primaryimage","url":"https:\/\/www.yverdon-energies.ch\/wp-content\/uploads\/2026\/05\/yverdon-energie-women-in-power-scaled.webp","contentUrl":"https:\/\/www.yverdon-energies.ch\/wp-content\/uploads\/2026\/05\/yverdon-energie-women-in-power-scaled.webp","width":2560,"height":1828,"caption":"Yverdon \u00c9nergies - Women in Power"},{"@type":"BreadcrumbList","@id":"https:\/\/www.yverdon-energies.ch\/en\/news\/yverdon-energies-rejoint-le-reseau-women-in-power\/#breadcrumb","itemListElement":[{"@type":"ListItem","position":1,"name":"Accueil","item":"https:\/\/www.yverdon-energies.ch\/en\/"},{"@type":"ListItem","position":2,"name":"News","item":"https:\/\/www.yverdon-energies.ch\/en\/news\/"},{"@type":"ListItem","position":3,"name":"Yverdon \u00c9nergies rejoint le r\u00e9seau Women in Power"}]},{"@type":"WebSite","@id":"https:\/\/www.yverdon-energies.ch\/en\/#website","url":"https:\/\/www.yverdon-energies.ch\/en\/","name":"Yverdon \u00c9nergies","description":"","publisher":{"@id":"https:\/\/www.yverdon-energies.ch\/en\/#organization"},"potentialAction":[{"@type":"SearchAction","target":{"@type":"EntryPoint","urlTemplate":"https:\/\/www.yverdon-energies.ch\/en\/?s={search_term_string}"},"query-input":{"@type":"PropertyValueSpecification","valueRequired":true,"valueName":"search_term_string"}}],"inLanguage":"en-US"},{"@type":"Organization","@id":"https:\/\/www.yverdon-energies.ch\/en\/#organization","name":"Yverdon \u00c9nergies","url":"https:\/\/www.yverdon-energies.ch\/en\/","logo":{"@type":"ImageObject","inLanguage":"en-US","@id":"https:\/\/www.yverdon-energies.ch\/en\/#\/schema\/logo\/image\/","url":"https:\/\/www.yverdon-energies.ch\/wp-content\/uploads\/2023\/07\/logo_new.svg","contentUrl":"https:\/\/www.yverdon-energies.ch\/wp-content\/uploads\/2023\/07\/logo_new.svg","width":127,"height":56,"caption":"Yverdon \u00c9nergies"},"image":{"@id":"https:\/\/www.yverdon-energies.ch\/en\/#\/schema\/logo\/image\/"},"sameAs":["https:\/\/www.facebook.com\/@YverdonEnergies\/"]}]}},"_links":{"self":[{"href":"https:\/\/www.yverdon-energies.ch\/en\/wp-json\/wp\/v2\/news\/15303","targetHints":{"allow":["GET"]}}],"collection":[{"href":"https:\/\/www.yverdon-energies.ch\/en\/wp-json\/wp\/v2\/news"}],"about":[{"href":"https:\/\/www.yverdon-energies.ch\/en\/wp-json\/wp\/v2\/types\/news"}],"version-history":[{"count":3,"href":"https:\/\/www.yverdon-energies.ch\/en\/wp-json\/wp\/v2\/news\/15303\/revisions"}],"predecessor-version":[{"id":15323,"href":"https:\/\/www.yverdon-energies.ch\/en\/wp-json\/wp\/v2\/news\/15303\/revisions\/15323"}],"wp:featuredmedia":[{"embeddable":true,"href":"https:\/\/www.yverdon-energies.ch\/en\/wp-json\/wp\/v2\/media\/15304"}],"wp:attachment":[{"href":"https:\/\/www.yverdon-energies.ch\/en\/wp-json\/wp\/v2\/media?parent=15303"}],"wp:term":[{"taxonomy":"profile","embeddable":true,"href":"https:\/\/www.yverdon-energies.ch\/en\/wp-json\/wp\/v2\/profile?post=15303"},{"taxonomy":"news-cat","embeddable":true,"href":"https:\/\/www.yverdon-energies.ch\/en\/wp-json\/wp\/v2\/news-cat?post=15303"}],"curies":[{"name":"wp","href":"https:\/\/api.w.org\/{rel}","templated":true}]}}