{"id":15297,"date":"2026-04-30T15:35:23","date_gmt":"2026-04-30T13:35:23","guid":{"rendered":"https:\/\/www.yverdon-energies.ch\/?post_type=news&#038;p=15297"},"modified":"2026-04-30T15:35:57","modified_gmt":"2026-04-30T13:35:57","slug":"legislature-2026-2031-repartition-des-dicasteres","status":"publish","type":"news","link":"https:\/\/www.yverdon-energies.ch\/en\/news\/legislature-2026-2031-repartition-des-dicasteres\/","title":{"rendered":"L\u00e9gislature 2026-2031 : r\u00e9partition des dicast\u00e8res"},"content":{"rendered":"<section class=\"inner_page_banner h_auto\" id=\"\">\n    <div class=\"sey_inner_page_container h-100\">\n        <div class=\"row h-100\">\n            <div class=\"col-xl-8 col-lg-12 h-100\">\n                <div class=\"inner_page_banner_txt\">\n                    <h1>L\u00e9gislature 2026-2031 : r\u00e9partition des dicast\u00e8res<\/h1>\n                                    <\/div>\n            <\/div>\n        <\/div>\n    <\/div>\n<\/section>\n\n<section class=\"simple_img_banner\">\n    <img decoding=\"async\" src=\"https:\/\/www.yverdon-energies.ch\/wp-content\/uploads\/2026\/04\/benoist-guillard-yverdon-energies-actu2-scaled.webp\" alt=\"\">\n<\/section>\n\n<section class=\"single_column_text\">\n    <div class=\"sey_inner_page_container\">\n        <div class=\"text_block\">\n            <p>La nouvelle Municipalit\u00e9 d\u2019Yverdon-les-Bains, qui entrera en fonction le 1<sup>er<\/sup> juillet 2026, a proc\u00e9d\u00e9 \u00e0 la r\u00e9partition de ses dicast\u00e8res pour la l\u00e9gislature 2026-2031.<\/p>\n<p>Nous avons le plaisir d\u2019annoncer la poursuite du mandat de M. Benoist Guillard en tant que Municipal des Energies \u00e0 Yverdon-les-Bains.<\/p>\n<p>La nouvelle Municipalit\u00e9 sera asserment\u00e9e le 20 juin et entrera en fonction le 1<sup>er<\/sup>\u00a0juillet 2026.<\/p>\n<p>Pour plus d\u2019informations, nous vous invitons \u00e0 prendre connaissance du communiqu\u00e9 <a href=\"https:\/\/www.yverdon-les-bains.ch\/medias\/communiques-de-presse\/detail\/legislature-2026-2031-repartition-des-dicasteres\">sur le site internet de la Ville<\/a>.<\/p>\n        <\/div>  \n    <\/div>\n<\/section>\n","protected":false},"excerpt":{"rendered":"<p>La nouvelle Municipalit\u00e9 d\u2019Yverdon-les-Bains, qui entrera en fonction le 1er juillet 2026, a proc\u00e9d\u00e9 \u00e0 la r\u00e9partition de ses dicast\u00e8res pour la l\u00e9gislature 2026-2031.<\/p>\n","protected":false},"featured_media":15298,"template":"","profile":[16,15,14,13],"news-cat":[44,45],"class_list":["post-15297","news","type-news","status-publish","has-post-thumbnail","hentry","profile-locataire","profile-proprietaire","profile-regie","profile-entreprise","news-cat-economies-denergie","news-cat-actualites-generales"],"acf":[],"yoast_head":"<!-- This site is optimized with the Yoast SEO plugin v27.2 - https:\/\/yoast.com\/product\/yoast-seo-wordpress\/ -->\n<title>L\u00e9gislature 2026-2031 : r\u00e9partition des dicast\u00e8res<\/title>\n<meta name=\"description\" content=\"D\u00e9couvrez comment Yverdon \u00c9nergies forme ses apprentis sur le terrain, avec une immersion concr\u00e8te dans les m\u00e9tiers techniques de l&#039;\u00e9nergie. Une rel\u00e8ve engag\u00e9e pour une ville connect\u00e9e.\" \/>\n<meta name=\"robots\" content=\"index, follow, max-snippet:-1, max-image-preview:large, max-video-preview:-1\" \/>\n<link rel=\"canonical\" href=\"https:\/\/www.yverdon-energies.ch\/en\/news\/legislature-2026-2031-repartition-des-dicasteres\/\" \/>\n<meta property=\"og:locale\" content=\"en_US\" \/>\n<meta property=\"og:type\" content=\"article\" \/>\n<meta property=\"og:title\" content=\"L\u00e9gislature 2026-2031 : r\u00e9partition des dicast\u00e8res\" \/>\n<meta property=\"og:description\" content=\"D\u00e9couvrez comment Yverdon \u00c9nergies forme ses apprentis sur le terrain, avec une immersion concr\u00e8te dans les m\u00e9tiers techniques de l&#039;\u00e9nergie. Une rel\u00e8ve engag\u00e9e pour une ville connect\u00e9e.\" \/>\n<meta property=\"og:url\" content=\"https:\/\/www.yverdon-energies.ch\/en\/news\/legislature-2026-2031-repartition-des-dicasteres\/\" \/>\n<meta property=\"og:site_name\" content=\"Yverdon \u00c9nergies\" \/>\n<meta property=\"article:publisher\" content=\"https:\/\/www.facebook.com\/@YverdonEnergies\/\" \/>\n<meta property=\"article:modified_time\" content=\"2026-04-30T13:35:57+00:00\" \/>\n<meta property=\"og:image\" content=\"https:\/\/www.yverdon-energies.ch\/wp-content\/uploads\/2026\/04\/benoist-guillard-yverdon-energies-actu2-scaled.webp\" \/>\n\t<meta property=\"og:image:width\" content=\"2560\" \/>\n\t<meta property=\"og:image:height\" content=\"1828\" \/>\n\t<meta property=\"og:image:type\" content=\"image\/webp\" \/>\n<meta name=\"twitter:card\" content=\"summary_large_image\" \/>\n<meta name=\"twitter:label1\" content=\"Est. reading time\" \/>\n\t<meta name=\"twitter:data1\" content=\"1 minute\" \/>\n<script type=\"application\/ld+json\" class=\"yoast-schema-graph\">{\"@context\":\"https:\/\/schema.org\",\"@graph\":[{\"@type\":\"WebPage\",\"@id\":\"https:\/\/www.yverdon-energies.ch\/en\/news\/legislature-2026-2031-repartition-des-dicasteres\/\",\"url\":\"https:\/\/www.yverdon-energies.ch\/en\/news\/legislature-2026-2031-repartition-des-dicasteres\/\",\"name\":\"L\u00e9gislature 2026-2031 : r\u00e9partition des dicast\u00e8res\",\"isPartOf\":{\"@id\":\"https:\/\/www.yverdon-energies.ch\/en\/#website\"},\"primaryImageOfPage\":{\"@id\":\"https:\/\/www.yverdon-energies.ch\/en\/news\/legislature-2026-2031-repartition-des-dicasteres\/#primaryimage\"},\"image\":{\"@id\":\"https:\/\/www.yverdon-energies.ch\/en\/news\/legislature-2026-2031-repartition-des-dicasteres\/#primaryimage\"},\"thumbnailUrl\":\"https:\/\/www.yverdon-energies.ch\/wp-content\/uploads\/2026\/04\/benoist-guillard-yverdon-energies-actu2-scaled.webp\",\"datePublished\":\"2026-04-30T13:35:23+00:00\",\"dateModified\":\"2026-04-30T13:35:57+00:00\",\"description\":\"D\u00e9couvrez comment Yverdon \u00c9nergies forme ses apprentis sur le terrain, avec une immersion concr\u00e8te dans les m\u00e9tiers techniques de l'\u00e9nergie. Une rel\u00e8ve engag\u00e9e pour une ville connect\u00e9e.\",\"breadcrumb\":{\"@id\":\"https:\/\/www.yverdon-energies.ch\/en\/news\/legislature-2026-2031-repartition-des-dicasteres\/#breadcrumb\"},\"inLanguage\":\"en-US\",\"potentialAction\":[{\"@type\":\"ReadAction\",\"target\":[\"https:\/\/www.yverdon-energies.ch\/en\/news\/legislature-2026-2031-repartition-des-dicasteres\/\"]}]},{\"@type\":\"ImageObject\",\"inLanguage\":\"en-US\",\"@id\":\"https:\/\/www.yverdon-energies.ch\/en\/news\/legislature-2026-2031-repartition-des-dicasteres\/#primaryimage\",\"url\":\"https:\/\/www.yverdon-energies.ch\/wp-content\/uploads\/2026\/04\/benoist-guillard-yverdon-energies-actu2-scaled.webp\",\"contentUrl\":\"https:\/\/www.yverdon-energies.ch\/wp-content\/uploads\/2026\/04\/benoist-guillard-yverdon-energies-actu2-scaled.webp\",\"width\":2560,\"height\":1828,\"caption\":\"Benoist Guillard - Yverdon \u00c9nergies\"},{\"@type\":\"BreadcrumbList\",\"@id\":\"https:\/\/www.yverdon-energies.ch\/en\/news\/legislature-2026-2031-repartition-des-dicasteres\/#breadcrumb\",\"itemListElement\":[{\"@type\":\"ListItem\",\"position\":1,\"name\":\"Accueil\",\"item\":\"https:\/\/www.yverdon-energies.ch\/en\/\"},{\"@type\":\"ListItem\",\"position\":2,\"name\":\"News\",\"item\":\"https:\/\/www.yverdon-energies.ch\/en\/news\/\"},{\"@type\":\"ListItem\",\"position\":3,\"name\":\"L\u00e9gislature 2026-2031 : r\u00e9partition des dicast\u00e8res\"}]},{\"@type\":\"WebSite\",\"@id\":\"https:\/\/www.yverdon-energies.ch\/en\/#website\",\"url\":\"https:\/\/www.yverdon-energies.ch\/en\/\",\"name\":\"Yverdon \u00c9nergies\",\"description\":\"\",\"publisher\":{\"@id\":\"https:\/\/www.yverdon-energies.ch\/en\/#organization\"},\"potentialAction\":[{\"@type\":\"SearchAction\",\"target\":{\"@type\":\"EntryPoint\",\"urlTemplate\":\"https:\/\/www.yverdon-energies.ch\/en\/?s={search_term_string}\"},\"query-input\":{\"@type\":\"PropertyValueSpecification\",\"valueRequired\":true,\"valueName\":\"search_term_string\"}}],\"inLanguage\":\"en-US\"},{\"@type\":\"Organization\",\"@id\":\"https:\/\/www.yverdon-energies.ch\/en\/#organization\",\"name\":\"Yverdon \u00c9nergies\",\"url\":\"https:\/\/www.yverdon-energies.ch\/en\/\",\"logo\":{\"@type\":\"ImageObject\",\"inLanguage\":\"en-US\",\"@id\":\"https:\/\/www.yverdon-energies.ch\/en\/#\/schema\/logo\/image\/\",\"url\":\"https:\/\/www.yverdon-energies.ch\/wp-content\/uploads\/2023\/07\/logo_new.svg\",\"contentUrl\":\"https:\/\/www.yverdon-energies.ch\/wp-content\/uploads\/2023\/07\/logo_new.svg\",\"width\":127,\"height\":56,\"caption\":\"Yverdon \u00c9nergies\"},\"image\":{\"@id\":\"https:\/\/www.yverdon-energies.ch\/en\/#\/schema\/logo\/image\/\"},\"sameAs\":[\"https:\/\/www.facebook.com\/@YverdonEnergies\/\"]}]}<\/script>\n<!-- \/ Yoast SEO plugin. -->","yoast_head_json":{"title":"L\u00e9gislature 2026-2031 : r\u00e9partition des dicast\u00e8res","description":"D\u00e9couvrez comment Yverdon \u00c9nergies forme ses apprentis sur le terrain, avec une immersion concr\u00e8te dans les m\u00e9tiers techniques de l'\u00e9nergie. Une rel\u00e8ve engag\u00e9e pour une ville connect\u00e9e.","robots":{"index":"index","follow":"follow","max-snippet":"max-snippet:-1","max-image-preview":"max-image-preview:large","max-video-preview":"max-video-preview:-1"},"canonical":"https:\/\/www.yverdon-energies.ch\/en\/news\/legislature-2026-2031-repartition-des-dicasteres\/","og_locale":"en_US","og_type":"article","og_title":"L\u00e9gislature 2026-2031 : r\u00e9partition des dicast\u00e8res","og_description":"D\u00e9couvrez comment Yverdon \u00c9nergies forme ses apprentis sur le terrain, avec une immersion concr\u00e8te dans les m\u00e9tiers techniques de l'\u00e9nergie. Une rel\u00e8ve engag\u00e9e pour une ville connect\u00e9e.","og_url":"https:\/\/www.yverdon-energies.ch\/en\/news\/legislature-2026-2031-repartition-des-dicasteres\/","og_site_name":"Yverdon \u00c9nergies","article_publisher":"https:\/\/www.facebook.com\/@YverdonEnergies\/","article_modified_time":"2026-04-30T13:35:57+00:00","og_image":[{"width":2560,"height":1828,"url":"https:\/\/www.yverdon-energies.ch\/wp-content\/uploads\/2026\/04\/benoist-guillard-yverdon-energies-actu2-scaled.webp","type":"image\/webp"}],"twitter_card":"summary_large_image","twitter_misc":{"Est. reading time":"1 minute"},"schema":{"@context":"https:\/\/schema.org","@graph":[{"@type":"WebPage","@id":"https:\/\/www.yverdon-energies.ch\/en\/news\/legislature-2026-2031-repartition-des-dicasteres\/","url":"https:\/\/www.yverdon-energies.ch\/en\/news\/legislature-2026-2031-repartition-des-dicasteres\/","name":"L\u00e9gislature 2026-2031 : r\u00e9partition des dicast\u00e8res","isPartOf":{"@id":"https:\/\/www.yverdon-energies.ch\/en\/#website"},"primaryImageOfPage":{"@id":"https:\/\/www.yverdon-energies.ch\/en\/news\/legislature-2026-2031-repartition-des-dicasteres\/#primaryimage"},"image":{"@id":"https:\/\/www.yverdon-energies.ch\/en\/news\/legislature-2026-2031-repartition-des-dicasteres\/#primaryimage"},"thumbnailUrl":"https:\/\/www.yverdon-energies.ch\/wp-content\/uploads\/2026\/04\/benoist-guillard-yverdon-energies-actu2-scaled.webp","datePublished":"2026-04-30T13:35:23+00:00","dateModified":"2026-04-30T13:35:57+00:00","description":"D\u00e9couvrez comment Yverdon \u00c9nergies forme ses apprentis sur le terrain, avec une immersion concr\u00e8te dans les m\u00e9tiers techniques de l'\u00e9nergie. Une rel\u00e8ve engag\u00e9e pour une ville connect\u00e9e.","breadcrumb":{"@id":"https:\/\/www.yverdon-energies.ch\/en\/news\/legislature-2026-2031-repartition-des-dicasteres\/#breadcrumb"},"inLanguage":"en-US","potentialAction":[{"@type":"ReadAction","target":["https:\/\/www.yverdon-energies.ch\/en\/news\/legislature-2026-2031-repartition-des-dicasteres\/"]}]},{"@type":"ImageObject","inLanguage":"en-US","@id":"https:\/\/www.yverdon-energies.ch\/en\/news\/legislature-2026-2031-repartition-des-dicasteres\/#primaryimage","url":"https:\/\/www.yverdon-energies.ch\/wp-content\/uploads\/2026\/04\/benoist-guillard-yverdon-energies-actu2-scaled.webp","contentUrl":"https:\/\/www.yverdon-energies.ch\/wp-content\/uploads\/2026\/04\/benoist-guillard-yverdon-energies-actu2-scaled.webp","width":2560,"height":1828,"caption":"Benoist Guillard - Yverdon \u00c9nergies"},{"@type":"BreadcrumbList","@id":"https:\/\/www.yverdon-energies.ch\/en\/news\/legislature-2026-2031-repartition-des-dicasteres\/#breadcrumb","itemListElement":[{"@type":"ListItem","position":1,"name":"Accueil","item":"https:\/\/www.yverdon-energies.ch\/en\/"},{"@type":"ListItem","position":2,"name":"News","item":"https:\/\/www.yverdon-energies.ch\/en\/news\/"},{"@type":"ListItem","position":3,"name":"L\u00e9gislature 2026-2031 : r\u00e9partition des dicast\u00e8res"}]},{"@type":"WebSite","@id":"https:\/\/www.yverdon-energies.ch\/en\/#website","url":"https:\/\/www.yverdon-energies.ch\/en\/","name":"Yverdon \u00c9nergies","description":"","publisher":{"@id":"https:\/\/www.yverdon-energies.ch\/en\/#organization"},"potentialAction":[{"@type":"SearchAction","target":{"@type":"EntryPoint","urlTemplate":"https:\/\/www.yverdon-energies.ch\/en\/?s={search_term_string}"},"query-input":{"@type":"PropertyValueSpecification","valueRequired":true,"valueName":"search_term_string"}}],"inLanguage":"en-US"},{"@type":"Organization","@id":"https:\/\/www.yverdon-energies.ch\/en\/#organization","name":"Yverdon \u00c9nergies","url":"https:\/\/www.yverdon-energies.ch\/en\/","logo":{"@type":"ImageObject","inLanguage":"en-US","@id":"https:\/\/www.yverdon-energies.ch\/en\/#\/schema\/logo\/image\/","url":"https:\/\/www.yverdon-energies.ch\/wp-content\/uploads\/2023\/07\/logo_new.svg","contentUrl":"https:\/\/www.yverdon-energies.ch\/wp-content\/uploads\/2023\/07\/logo_new.svg","width":127,"height":56,"caption":"Yverdon \u00c9nergies"},"image":{"@id":"https:\/\/www.yverdon-energies.ch\/en\/#\/schema\/logo\/image\/"},"sameAs":["https:\/\/www.facebook.com\/@YverdonEnergies\/"]}]}},"_links":{"self":[{"href":"https:\/\/www.yverdon-energies.ch\/en\/wp-json\/wp\/v2\/news\/15297","targetHints":{"allow":["GET"]}}],"collection":[{"href":"https:\/\/www.yverdon-energies.ch\/en\/wp-json\/wp\/v2\/news"}],"about":[{"href":"https:\/\/www.yverdon-energies.ch\/en\/wp-json\/wp\/v2\/types\/news"}],"version-history":[{"count":2,"href":"https:\/\/www.yverdon-energies.ch\/en\/wp-json\/wp\/v2\/news\/15297\/revisions"}],"predecessor-version":[{"id":15302,"href":"https:\/\/www.yverdon-energies.ch\/en\/wp-json\/wp\/v2\/news\/15297\/revisions\/15302"}],"wp:featuredmedia":[{"embeddable":true,"href":"https:\/\/www.yverdon-energies.ch\/en\/wp-json\/wp\/v2\/media\/15298"}],"wp:attachment":[{"href":"https:\/\/www.yverdon-energies.ch\/en\/wp-json\/wp\/v2\/media?parent=15297"}],"wp:term":[{"taxonomy":"profile","embeddable":true,"href":"https:\/\/www.yverdon-energies.ch\/en\/wp-json\/wp\/v2\/profile?post=15297"},{"taxonomy":"news-cat","embeddable":true,"href":"https:\/\/www.yverdon-energies.ch\/en\/wp-json\/wp\/v2\/news-cat?post=15297"}],"curies":[{"name":"wp","href":"https:\/\/api.w.org\/{rel}","templated":true}]}}